{"id":1708,"date":"2023-10-15T16:49:33","date_gmt":"2023-10-15T14:49:33","guid":{"rendered":"http:\/\/www.stretchingemozionale.it\/?p=1708"},"modified":"2023-10-15T16:49:33","modified_gmt":"2023-10-15T14:49:33","slug":"liberta-e-la-terza-qualita-dellautunno","status":"publish","type":"post","link":"https:\/\/www.stretchingemozionale.it\/?p=1708","title":{"rendered":"*LIBERTA&#8217;* \u00e8 la terza Qualit\u00e0 dell&#8217;Autunno"},"content":{"rendered":"<p style=\"text-align: center;\"><strong><em>Nella divinit\u00e0 del mondo<\/em><\/strong><br \/>\n<strong><em>trover\u00f2 me stesso<\/em><\/strong><br \/>\n<strong><em>in essa io riposo<\/em><\/strong><br \/>\n<strong><em>risplende la divinit\u00e0 dell\u2019anima mia<\/em><\/strong><br \/>\n<strong><em>nel puro amore per tutti gli esseri,<\/em><\/strong><br \/>\n<strong><em>risplende la divinit\u00e0 del mondo<\/em><\/strong><br \/>\n<strong><em>nei puri raggi della luce.<\/em><\/strong><\/p>\n<p style=\"text-align: center;\"><i>(R.Steiner)<\/i><\/p>\n<p style=\"text-align: center;\"><a href=\"https:\/\/www.stretchingemozionale.it\/wp-content\/uploads\/2018\/12\/LIBERTA.jpg\"><img decoding=\"async\" class=\"aligncenter size-full wp-image-1112 lazyload\" data-src=\"https:\/\/www.stretchingemozionale.it\/wp-content\/uploads\/2018\/12\/LIBERTA.jpg\" alt=\"\" width=\"320\" height=\"300\" data-srcset=\"https:\/\/www.stretchingemozionale.it\/wp-content\/uploads\/2018\/12\/LIBERTA.jpg 320w, https:\/\/www.stretchingemozionale.it\/wp-content\/uploads\/2018\/12\/LIBERTA-300x281.jpg 300w\" data-sizes=\"(max-width: 320px) 100vw, 320px\" src=\"data:image\/svg+xml;base64,PHN2ZyB3aWR0aD0iMSIgaGVpZ2h0PSIxIiB4bWxucz0iaHR0cDovL3d3dy53My5vcmcvMjAwMC9zdmciPjwvc3ZnPg==\" style=\"--smush-placeholder-width: 320px; --smush-placeholder-aspect-ratio: 320\/300;\" \/><\/a><\/p>\n<p style=\"text-align: center;\"><strong>&#8220;LIBERTA'&#8221; Walnut<br \/>\n<\/strong><em><strong>&#8220;Nell\u2019autunno della nostra vita procediamo in libert\u00e0 liberandoci dalle influenze che ci limitano e procedendo senza incertezze lungo la rotta.&#8221;<\/strong><\/em><\/p>\n<div id=\"js_ku\" class=\"_5pbx userContent _3576\" data-ad-preview=\"message\" data-ft=\"{&quot;tn&quot;:&quot;K&quot;}\">\n<div id=\"id_5c038e30552c31250629145\" class=\"text_exposed_root text_exposed\">\n<p>\u201cLa libert\u00e0 da qualcosa non \u00e8 vera libert\u00e0. E neppure la libert\u00e0 di fare qualcosa che desideri realizzare \u00e8 la libert\u00e0 che io intendo. Nella mia visione, la libert\u00e0 \u00e8 essere liberi di essere se stessi. La libert\u00e0 \u00e8 la suprema esperienza della vita, non esiste nulla di superiore. Con la libert\u00e0 di cui parlo, tu esisti semplicemente, in assoluto silenzio, in serenit\u00e0, come bellezza e gratitudine.\u201d (Osho)<\/p>\n<p><em>Dice Bach: <\/em>[\u2026] Per quelli che nella vita hanno ideali e ambizioni ben definiti e li soddisfano,<br \/>\nma in qualche occasione sono tentati di deviare dalle proprie idee ed obiettivi, perch\u00e9 spinti dall\u2019entusiasmo, dalle convinzioni e dalle forti opinioni degli altri.<br \/>\nIl rimedio <strong>#Walnut<\/strong> dei Fiori di Bach, abbinato allo <strong>Stretching Emozionale\u00ae<\/strong>, assicura costanza e protezione dalle influenze esterne. [\u2026]<\/p>\n<p>Bach ha scritto che <strong>#Walnut<\/strong>\u00a0\u00e8 il rimedio per coloro che hanno deciso di fare un grosso balzo in avanti nella vita, per chi vuole rompere con le vecchie convenzioni e abbandonare limiti, restrizioni e costrizioni.<\/p>\n<p>Spesso dicono:<strong> \u201cSono una spugna\u201d.<\/strong><\/p>\n<div class=\"text_exposed_show\">\n<p style=\"text-align: center;\"><em><strong>#Libert\u00e0<br \/>\n<\/strong>&#8230;corrisponde al Fiore di Bach<br \/>\n<\/em><em><strong>#Walnut<br \/>\n<b>Noce<br \/>\n(<\/b><b><i>Iuglans<\/i><\/b><b><i>\u00a0regia)<\/i><\/b><br \/>\n<\/strong><\/em><\/p>\n<p style=\"text-align: center;\">\u2026in combinazione con l\u2019olio essenziale<br \/>\n<strong>#Narciso<\/strong><br \/>\n<strong>(Narcissus poeticus)<\/strong><\/p>\n<p style=\"text-align: center;\">\u2026e cristallo pietra<br \/>\n<strong>#Turchese<\/strong><\/p>\n<p><strong>Non c\u2019\u00e8 scopo nel consigliarsi con coloro che seguono un\u2019altra strada. (Confucio)<\/strong><\/p>\n<p style=\"text-align: center;\"><strong>#Libert\u00e0 \u00e8 un\u2019emozione del Movimento Metallo, Polmone e Grosso Intestino i meridiani interessati.<\/strong><\/p>\n<p><i>Esecuzione:<\/i><\/p>\n<ol>\n<li>dalla posizione in piedi, accovacciati a terra con i piedi e le ginocchia vicine;<\/li>\n<li>posiziona le mani a terra davanti a te con le dita rivolte un p\u00f2 in dentro che si guardano; tieni le braccia morbide, lascia penzolare la testa in avanti e mantieni il collo rilassato;<\/li>\n<li>sosta in questa posizione respirando lentamente sentendo le linee di tensione nella zona del tendine d\u2019Achille e del tallone. E\u2019 una posizione molto utile quando si ha la schiena stanca o si avvertono dolori lombari.<\/li>\n<\/ol>\n<p style=\"text-align: center;\"><em><strong>#Libert\u00e0<br \/>\n<\/strong>&#8230;corrisponde al Fiore di Bach<br \/>\n<\/em><em><strong>#Walnut<br \/>\n<b>Noce<br \/>\n(<\/b><b><i>Iuglans<\/i><\/b><b><i>\u00a0regia)<\/i><\/b><\/strong><\/em><\/p>\n<p><a class=\"td-modal-image\" href=\"https:\/\/www.stretchingemozionale.it\/wp-content\/uploads\/2018\/12\/Walnut1.jpg\"><img decoding=\"async\" class=\"aligncenter size-full wp-image-1115 lazyloaded td-animation-stack-type0-2\" src=\"https:\/\/www.stretchingemozionale.it\/wp-content\/uploads\/2018\/12\/Walnut1.jpg\" sizes=\"(max-width: 1600px) 100vw, 1600px\" srcset=\"https:\/\/www.stretchingemozionale.it\/wp-content\/uploads\/2018\/12\/Walnut1.jpg 1600w, https:\/\/www.stretchingemozionale.it\/wp-content\/uploads\/2018\/12\/Walnut1-300x225.jpg 300w, https:\/\/www.stretchingemozionale.it\/wp-content\/uploads\/2018\/12\/Walnut1-768x576.jpg 768w, https:\/\/www.stretchingemozionale.it\/wp-content\/uploads\/2018\/12\/Walnut1-1024x768.jpg 1024w, https:\/\/www.stretchingemozionale.it\/wp-content\/uploads\/2018\/12\/Walnut1-400x300.jpg 400w\" alt=\"\" width=\"1600\" height=\"1200\" data-srcset=\"https:\/\/www.stretchingemozionale.it\/wp-content\/uploads\/2018\/12\/Walnut1.jpg 1600w, https:\/\/www.stretchingemozionale.it\/wp-content\/uploads\/2018\/12\/Walnut1-300x225.jpg 300w, https:\/\/www.stretchingemozionale.it\/wp-content\/uploads\/2018\/12\/Walnut1-768x576.jpg 768w, https:\/\/www.stretchingemozionale.it\/wp-content\/uploads\/2018\/12\/Walnut1-1024x768.jpg 1024w, https:\/\/www.stretchingemozionale.it\/wp-content\/uploads\/2018\/12\/Walnut1-400x300.jpg 400w\" data-src=\"https:\/\/www.stretchingemozionale.it\/wp-content\/uploads\/2018\/12\/Walnut1.jpg\" data-sizes=\"(max-width: 1600px) 100vw, 1600px\" \/><\/a><\/p>\n<p><b>Il noce \u00e8 un albero originario dell\u2019Asia Minore e predilige i climi caldi, dove i suoi frutti possono maturare. Raggiungere una ventina di metri di altezza. Sulla sua ampia chioma spicca il color porpora delle foglie pi\u00f9 giovani, che man mano che passa il tempo diventano verdi. Da aprile a maggio sbocciano i fiorellini verdi del noce. E\u2019 questo il periodo migliore per riconoscere quest\u2019albero poich\u00e9 l\u2019aria \u00e8 pregna del suo particolare profumo, non sgradevole agli esseri umani, ma decisamente poco attraente per insetti e uccelli, che ne rimangono alla larga.<\/b><\/p>\n<p><b>Il rimedio\u00a0<\/b><b>Walnut<\/b><b>\u00a0agisce proprio allo stesso modo: formando una specie di aura protettiva intorno alle persone, che tiene lontane le influenze negative.<\/b><\/p>\n<p><a href=\"https:\/\/www.stretchingemozionale.it\/wp-content\/uploads\/2023\/10\/Walnut-20231014_093703-scaled.jpg\"><img decoding=\"async\" class=\"aligncenter size-large wp-image-1715 lazyload\" data-src=\"https:\/\/www.stretchingemozionale.it\/wp-content\/uploads\/2023\/10\/Walnut-20231014_093703-651x1024.jpg\" alt=\"\" width=\"651\" height=\"1024\" data-srcset=\"https:\/\/www.stretchingemozionale.it\/wp-content\/uploads\/2023\/10\/Walnut-20231014_093703-651x1024.jpg 651w, https:\/\/www.stretchingemozionale.it\/wp-content\/uploads\/2023\/10\/Walnut-20231014_093703-191x300.jpg 191w, https:\/\/www.stretchingemozionale.it\/wp-content\/uploads\/2023\/10\/Walnut-20231014_093703-768x1208.jpg 768w, https:\/\/www.stretchingemozionale.it\/wp-content\/uploads\/2023\/10\/Walnut-20231014_093703-976x1536.jpg 976w, https:\/\/www.stretchingemozionale.it\/wp-content\/uploads\/2023\/10\/Walnut-20231014_093703-1302x2048.jpg 1302w, https:\/\/www.stretchingemozionale.it\/wp-content\/uploads\/2023\/10\/Walnut-20231014_093703-696x1095.jpg 696w, https:\/\/www.stretchingemozionale.it\/wp-content\/uploads\/2023\/10\/Walnut-20231014_093703-1068x1680.jpg 1068w, https:\/\/www.stretchingemozionale.it\/wp-content\/uploads\/2023\/10\/Walnut-20231014_093703-267x420.jpg 267w, https:\/\/www.stretchingemozionale.it\/wp-content\/uploads\/2023\/10\/Walnut-20231014_093703-scaled.jpg 1627w\" data-sizes=\"(max-width: 651px) 100vw, 651px\" src=\"data:image\/svg+xml;base64,PHN2ZyB3aWR0aD0iMSIgaGVpZ2h0PSIxIiB4bWxucz0iaHR0cDovL3d3dy53My5vcmcvMjAwMC9zdmciPjwvc3ZnPg==\" style=\"--smush-placeholder-width: 651px; --smush-placeholder-aspect-ratio: 651\/1024;\" \/><\/a><\/p>\n<p style=\"text-align: center;\"><strong>(Disegno a mano libera di Elena Cuccarolo)<\/strong><\/p>\n<p><strong>#Walnut<\/strong> \u00e8 considerato il fiore della rinascita. L&#8217;albero di noce era venerato dai nostri progenitori come pianta regale &#8211; presso gli antichi romani era considerato sacro a Giove &#8211; quindi \u00e8 naturale che occupi un posto di rilievo fra le trentotto essenze di Fiori di Bach. Infatti <strong>#Walnut<\/strong> viene utilizzato in situazioni particolari della vita, in cui stanno per verificarsi cambiamenti sostanziali. Fra queste situazioni rientrano, per esempio, il passaggio ad una diversa fede religiosa, l&#8217;inizio di un nuovo rapporto personale, un cambiamento di settore nel lavoro o nella professione, il trasferimento in un altro paese.<\/p>\n<p><strong>#Walnut<\/strong> \u00e8 indicato per tutti coloro che hanno deciso di fare un passo avanti nella propria vita, di rompere con le convenzioni superate, di lasciarsi alle spalle vecchie frontiere e limitazioni, per ricominciare da zero. Questa separazione da vecchi legami, pensieri e sentimenti \u00e8 sempre dolorosa, e spesso si riflette anche sull&#8217;organismo.<\/p>\n<p>I caratteri <strong>#Walnut<\/strong> hanno sempre qualche tratto caratteristico dei pionieri, e spesso sono precursori nel campo della lotta per gli ideali o del pensiero. Sono persone che amano spingersi in una terra vergine sul piano mentale; hanno degli obiettivi precisi nella vita, e per realizzarli agiscono in modo anticonvenzionale. Possono compiere la loro missione soltanto se sono spiritualmente liberi, quindi devono scrollarsi di dosso ogni sorta di condizionamento; in questo senso <strong>#Walnut<\/strong> fornisce loro la necessaria solidit\u00e0.<\/p>\n<p><strong>#Walnut<\/strong> attiva il potenziale del pioniere che resta fedele a se stesso, permette di osare cose nuove, facilita il primo passo rendendoci immuni dagli influssi esterni e aperti ad ispirazioni interiori. Permette di forgiare il proprio personale carattere procedendo per la propria strada nella vita.<\/p>\n<p style=\"text-align: center;\">\u2026in combinazione con l\u2019olio essenziale<br \/>\n<strong>#Narciso<\/strong><br \/>\n<strong>(Narcissus poeticus)<\/strong><\/p>\n<p style=\"text-align: center;\"><a href=\"https:\/\/www.stretchingemozionale.it\/wp-content\/uploads\/2023\/10\/NARCISO-shutterstock_1521949868.jpg\"><img decoding=\"async\" class=\"aligncenter size-large wp-image-1718 lazyload\" data-src=\"https:\/\/www.stretchingemozionale.it\/wp-content\/uploads\/2023\/10\/NARCISO-shutterstock_1521949868-1024x683.jpg\" alt=\"\" width=\"696\" height=\"464\" data-srcset=\"https:\/\/www.stretchingemozionale.it\/wp-content\/uploads\/2023\/10\/NARCISO-shutterstock_1521949868-1024x683.jpg 1024w, https:\/\/www.stretchingemozionale.it\/wp-content\/uploads\/2023\/10\/NARCISO-shutterstock_1521949868-300x200.jpg 300w, https:\/\/www.stretchingemozionale.it\/wp-content\/uploads\/2023\/10\/NARCISO-shutterstock_1521949868-768x512.jpg 768w, https:\/\/www.stretchingemozionale.it\/wp-content\/uploads\/2023\/10\/NARCISO-shutterstock_1521949868-696x464.jpg 696w, https:\/\/www.stretchingemozionale.it\/wp-content\/uploads\/2023\/10\/NARCISO-shutterstock_1521949868-1068x712.jpg 1068w, https:\/\/www.stretchingemozionale.it\/wp-content\/uploads\/2023\/10\/NARCISO-shutterstock_1521949868-630x420.jpg 630w, https:\/\/www.stretchingemozionale.it\/wp-content\/uploads\/2023\/10\/NARCISO-shutterstock_1521949868.jpg 1200w\" data-sizes=\"(max-width: 696px) 100vw, 696px\" src=\"data:image\/svg+xml;base64,PHN2ZyB3aWR0aD0iMSIgaGVpZ2h0PSIxIiB4bWxucz0iaHR0cDovL3d3dy53My5vcmcvMjAwMC9zdmciPjwvc3ZnPg==\" style=\"--smush-placeholder-width: 696px; --smush-placeholder-aspect-ratio: 696\/464;\" \/><\/a><\/p>\n<p>Insieme a quello di magnolia, l&#8217;olio essenziale di <strong>#narciso<\/strong> \u00e8 tra i pi\u00f9 costosi tra le essenze. Gi\u00e0 nel XII secolo gli arabi lo usavano per la fabbricazione di profumi esclusivi. Il suo profumo, seducente, floreale e dolce, viene descritto da Susanne Fischer Rizzo come &#8220;una dichiarazione d&#8217;amore per ogni donna romantica&#8221;. Inoltre, favorisce il buonumore e al contempo tranquillizza, lenisce le paure e le tensioni, scioglie anche le durezze emotive. Da questi effetti inebrianti, quasi narcotizzanti del profumo del <strong>#narciso<\/strong>, deriva anche la sua definizione, proveniente dal greco <em>narkao<\/em>, stordire.<\/p>\n<p>Il <strong>#narciso<\/strong> \u00e8 complementare al Fiore di Bach <strong>#Walnut, <\/strong>indicato per tutte quelle fasi di nuovo inizio della vita alle quali la persona reagisce con insicurezza, manifestando la difficolt\u00e0 a cimentarsi con la nuova situazione (per esempio in seguito ad un trasloco o ad un cambiamento di lavoro o di religione, dopo un divorzio, una separazione, il pensionamento). <strong>#Walnut<\/strong> aiuta a distaccarsi dal passato e ad accettare la novit\u00e0; in particolare protegge dalle influenze esterne quando i buoni consigli, le regole di comportamento sociale o le convenzioni vigenti tentano di distogliere dall&#8217;attuazione di una decisione gi\u00e0 presa. Contemporaneamente conferisce la fermezza interiore necessaria per rimanere fedeli a se stessi in questo difficile periodo della vita e dona la forza per portare avanti la propria scelta eventualmente anche contro il parere altrui.<\/p>\n<p>Le frizioni sul corpo con l&#8217;olio essenziale di <strong>#narciso<\/strong> si addicono anche al trattamento localizzato dei campi disturbati dalle cicatrici, che interrompono nel punto colpito lo scorrere del flusso di energia del corpo e che possono essere la causa di disturbi di salute di ogni genere, apparentemente non in diretta relazione con le cicatrici.<\/p>\n<p style=\"text-align: center;\">\u2026e cristallo pietra<br \/>\n<strong>#Turchese<\/strong><\/p>\n<p style=\"text-align: center;\"><a href=\"https:\/\/www.stretchingemozionale.it\/wp-content\/uploads\/2023\/10\/TURCHESE-826585991_max.jpg\"><img decoding=\"async\" class=\"aligncenter size-large wp-image-1719 lazyload\" data-src=\"https:\/\/www.stretchingemozionale.it\/wp-content\/uploads\/2023\/10\/TURCHESE-826585991_max-1024x1024.jpg\" alt=\"\" width=\"696\" height=\"696\" data-srcset=\"https:\/\/www.stretchingemozionale.it\/wp-content\/uploads\/2023\/10\/TURCHESE-826585991_max.jpg 1024w, https:\/\/www.stretchingemozionale.it\/wp-content\/uploads\/2023\/10\/TURCHESE-826585991_max-300x300.jpg 300w, https:\/\/www.stretchingemozionale.it\/wp-content\/uploads\/2023\/10\/TURCHESE-826585991_max-150x150.jpg 150w, https:\/\/www.stretchingemozionale.it\/wp-content\/uploads\/2023\/10\/TURCHESE-826585991_max-768x768.jpg 768w, https:\/\/www.stretchingemozionale.it\/wp-content\/uploads\/2023\/10\/TURCHESE-826585991_max-696x696.jpg 696w, https:\/\/www.stretchingemozionale.it\/wp-content\/uploads\/2023\/10\/TURCHESE-826585991_max-420x420.jpg 420w\" data-sizes=\"(max-width: 696px) 100vw, 696px\" src=\"data:image\/svg+xml;base64,PHN2ZyB3aWR0aD0iMSIgaGVpZ2h0PSIxIiB4bWxucz0iaHR0cDovL3d3dy53My5vcmcvMjAwMC9zdmciPjwvc3ZnPg==\" style=\"--smush-placeholder-width: 696px; --smush-placeholder-aspect-ratio: 696\/696;\" \/><\/a><\/p>\n<p>La <strong>#turchese<\/strong> \u00e8 una pietra opaca relativamente morbida, di colore azzurro cielo, blu o verde chiaro, dalla lucentezza simile a quella della cera. La <strong>#turchese<\/strong> fu molto amata da molte culture antiche e talvolta era persino considerata sacra: nell&#8217;antico Egitto ed in Persia ai tempi di Zaratustra, essa era ritenuta il simbolo della purezza. Ancora oggi, in Tibet, questa pietra viene usata per decorare i mulini di preghiera, mentre gli indiani credono che essa sia la protettrice e la sorvegliante dell&#8217;anima e del corpo. Infatti, la considerano una potente pietra protettrice, che tiene lontane le vibrazioni negative.<\/p>\n<p>La <strong>#turchese<\/strong> \u00e8 complementare al Fiore di Bach <strong>#Walnut<\/strong> ed \u00e8 indicata per coloro che sono nella fase iniziale delle situazioni nuove. La pietra levigata tenuta in un sacchettino di pelle, un ciondolo o un donut, dovrebbero essere portati al collo per un lungo periodo; tuttavia , a causa della sensibilit\u00e0 della pietra bisogna evitare sempre il contatto diretto con la pelle. E&#8217; consigliabile indossare la pietra anche se le circostanze esterne sono mutate o chiarite.<\/p>\n<p>Tratto da: <strong>Terapie esoteriche di Dietmar Kr\u00e4mer.<\/strong><\/p>\n<\/div>\n<p><em><strong>www.stretchingemozionale.it<\/strong><\/em><\/p>\n<p><em><strong>#StretchingEmozionale\u00ae\u2026La Danza delle Emozioni come Qualit\u00e0 dell\u2019Anima\u2026<\/strong><\/em><\/p>\n<p><em><strong>#ilmiostretchingemozionale\u00ae<\/strong><\/em><br \/>\n<em><strong>#lamiaessenza<\/strong><\/em><br \/>\n<em><strong>#MariaDanielaTrentini<\/strong><\/em><br \/>\n<em><strong>#pellegrinadellanima<\/strong><\/em><\/p>\n<p><a class=\"td-modal-image\" href=\"https:\/\/www.stretchingemozionale.it\/wp-content\/uploads\/2019\/06\/Stretching-emozionale-logo8x8.jpg\"><img decoding=\"async\" class=\"aligncenter size-medium wp-image-1439 lazyloaded td-animation-stack-type0-2\" src=\"https:\/\/www.stretchingemozionale.it\/wp-content\/uploads\/2019\/06\/Stretching-emozionale-logo8x8-300x300.jpg\" sizes=\"(max-width: 300px) 100vw, 300px\" srcset=\"https:\/\/www.stretchingemozionale.it\/wp-content\/uploads\/2019\/06\/Stretching-emozionale-logo8x8-300x300.jpg 300w, https:\/\/www.stretchingemozionale.it\/wp-content\/uploads\/2019\/06\/Stretching-emozionale-logo8x8-150x150.jpg 150w, https:\/\/www.stretchingemozionale.it\/wp-content\/uploads\/2019\/06\/Stretching-emozionale-logo8x8-696x696.jpg 696w, https:\/\/www.stretchingemozionale.it\/wp-content\/uploads\/2019\/06\/Stretching-emozionale-logo8x8-420x420.jpg 420w, https:\/\/www.stretchingemozionale.it\/wp-content\/uploads\/2019\/06\/Stretching-emozionale-logo8x8.jpg 709w\" alt=\"\" width=\"300\" height=\"300\" data-srcset=\"https:\/\/www.stretchingemozionale.it\/wp-content\/uploads\/2019\/06\/Stretching-emozionale-logo8x8-300x300.jpg 300w, https:\/\/www.stretchingemozionale.it\/wp-content\/uploads\/2019\/06\/Stretching-emozionale-logo8x8-150x150.jpg 150w, https:\/\/www.stretchingemozionale.it\/wp-content\/uploads\/2019\/06\/Stretching-emozionale-logo8x8-696x696.jpg 696w, https:\/\/www.stretchingemozionale.it\/wp-content\/uploads\/2019\/06\/Stretching-emozionale-logo8x8-420x420.jpg 420w, https:\/\/www.stretchingemozionale.it\/wp-content\/uploads\/2019\/06\/Stretching-emozionale-logo8x8.jpg 709w\" data-src=\"https:\/\/www.stretchingemozionale.it\/wp-content\/uploads\/2019\/06\/Stretching-emozionale-logo8x8-300x300.jpg\" data-sizes=\"(max-width: 300px) 100vw, 300px\" \/><\/a><\/p>\n<p><strong>Contatti:<\/strong><\/p>\n<p>Maria Daniela 349 4598108<\/p>\n<p><strong>\u201cFACILITATORE DELLO SHINRIN-YOKU\u201d<\/strong><\/p>\n<p>Guida alla Terapia della Foresta \u2013 Shinrin Yoku \u2013 Percorso formativo breve<\/p>\n<p class=\"td-modal-image\"><a class=\"td-modal-image\" href=\"https:\/\/www.stretchingemozionale.it\/wp-content\/uploads\/2023\/06\/Attestato-Facilitatore-Shinrin-Yoku-Maria-Daniela-Trentini.jpg\"><img decoding=\"async\" class=\"aligncenter size-medium wp-image-1682 lazyloaded td-animation-stack-type0-2\" src=\"https:\/\/www.stretchingemozionale.it\/wp-content\/uploads\/2023\/06\/Attestato-Facilitatore-Shinrin-Yoku-Maria-Daniela-Trentini-212x300.jpg\" sizes=\"(max-width: 212px) 100vw, 212px\" srcset=\"https:\/\/www.stretchingemozionale.it\/wp-content\/uploads\/2023\/06\/Attestato-Facilitatore-Shinrin-Yoku-Maria-Daniela-Trentini-212x300.jpg 212w, https:\/\/www.stretchingemozionale.it\/wp-content\/uploads\/2023\/06\/Attestato-Facilitatore-Shinrin-Yoku-Maria-Daniela-Trentini-724x1024.jpg 724w, https:\/\/www.stretchingemozionale.it\/wp-content\/uploads\/2023\/06\/Attestato-Facilitatore-Shinrin-Yoku-Maria-Daniela-Trentini-768x1086.jpg 768w, https:\/\/www.stretchingemozionale.it\/wp-content\/uploads\/2023\/06\/Attestato-Facilitatore-Shinrin-Yoku-Maria-Daniela-Trentini-696x984.jpg 696w, https:\/\/www.stretchingemozionale.it\/wp-content\/uploads\/2023\/06\/Attestato-Facilitatore-Shinrin-Yoku-Maria-Daniela-Trentini-297x420.jpg 297w, https:\/\/www.stretchingemozionale.it\/wp-content\/uploads\/2023\/06\/Attestato-Facilitatore-Shinrin-Yoku-Maria-Daniela-Trentini.jpg 794w\" alt=\"\" width=\"212\" height=\"300\" data-srcset=\"https:\/\/www.stretchingemozionale.it\/wp-content\/uploads\/2023\/06\/Attestato-Facilitatore-Shinrin-Yoku-Maria-Daniela-Trentini-212x300.jpg 212w, https:\/\/www.stretchingemozionale.it\/wp-content\/uploads\/2023\/06\/Attestato-Facilitatore-Shinrin-Yoku-Maria-Daniela-Trentini-724x1024.jpg 724w, https:\/\/www.stretchingemozionale.it\/wp-content\/uploads\/2023\/06\/Attestato-Facilitatore-Shinrin-Yoku-Maria-Daniela-Trentini-768x1086.jpg 768w, https:\/\/www.stretchingemozionale.it\/wp-content\/uploads\/2023\/06\/Attestato-Facilitatore-Shinrin-Yoku-Maria-Daniela-Trentini-696x984.jpg 696w, https:\/\/www.stretchingemozionale.it\/wp-content\/uploads\/2023\/06\/Attestato-Facilitatore-Shinrin-Yoku-Maria-Daniela-Trentini-297x420.jpg 297w, https:\/\/www.stretchingemozionale.it\/wp-content\/uploads\/2023\/06\/Attestato-Facilitatore-Shinrin-Yoku-Maria-Daniela-Trentini.jpg 794w\" data-src=\"https:\/\/www.stretchingemozionale.it\/wp-content\/uploads\/2023\/06\/Attestato-Facilitatore-Shinrin-Yoku-Maria-Daniela-Trentini-212x300.jpg\" data-sizes=\"(max-width: 212px) 100vw, 212px\" \/><\/a><a class=\"td-modal-image\" href=\"https:\/\/www.stretchingemozionale.it\/wp-content\/uploads\/2023\/06\/Attestato-Guida-alla-Terapia-della-Foresta-Shinrin-Yoku-scaled.jpg\"><img decoding=\"async\" class=\"aligncenter size-medium wp-image-1683 lazyloaded td-animation-stack-type0-2\" src=\"https:\/\/www.stretchingemozionale.it\/wp-content\/uploads\/2023\/06\/Attestato-Guida-alla-Terapia-della-Foresta-Shinrin-Yoku-212x300.jpg\" sizes=\"(max-width: 212px) 100vw, 212px\" srcset=\"https:\/\/www.stretchingemozionale.it\/wp-content\/uploads\/2023\/06\/Attestato-Guida-alla-Terapia-della-Foresta-Shinrin-Yoku-212x300.jpg 212w, https:\/\/www.stretchingemozionale.it\/wp-content\/uploads\/2023\/06\/Attestato-Guida-alla-Terapia-della-Foresta-Shinrin-Yoku-724x1024.jpg 724w, https:\/\/www.stretchingemozionale.it\/wp-content\/uploads\/2023\/06\/Attestato-Guida-alla-Terapia-della-Foresta-Shinrin-Yoku-768x1086.jpg 768w, https:\/\/www.stretchingemozionale.it\/wp-content\/uploads\/2023\/06\/Attestato-Guida-alla-Terapia-della-Foresta-Shinrin-Yoku-1086x1536.jpg 1086w, https:\/\/www.stretchingemozionale.it\/wp-content\/uploads\/2023\/06\/Attestato-Guida-alla-Terapia-della-Foresta-Shinrin-Yoku-1448x2048.jpg 1448w, https:\/\/www.stretchingemozionale.it\/wp-content\/uploads\/2023\/06\/Attestato-Guida-alla-Terapia-della-Foresta-Shinrin-Yoku-696x984.jpg 696w, https:\/\/www.stretchingemozionale.it\/wp-content\/uploads\/2023\/06\/Attestato-Guida-alla-Terapia-della-Foresta-Shinrin-Yoku-1068x1511.jpg 1068w, https:\/\/www.stretchingemozionale.it\/wp-content\/uploads\/2023\/06\/Attestato-Guida-alla-Terapia-della-Foresta-Shinrin-Yoku-297x420.jpg 297w, https:\/\/www.stretchingemozionale.it\/wp-content\/uploads\/2023\/06\/Attestato-Guida-alla-Terapia-della-Foresta-Shinrin-Yoku-1920x2716.jpg 1920w, https:\/\/www.stretchingemozionale.it\/wp-content\/uploads\/2023\/06\/Attestato-Guida-alla-Terapia-della-Foresta-Shinrin-Yoku-scaled.jpg 1810w\" alt=\"\" width=\"212\" height=\"300\" data-srcset=\"https:\/\/www.stretchingemozionale.it\/wp-content\/uploads\/2023\/06\/Attestato-Guida-alla-Terapia-della-Foresta-Shinrin-Yoku-212x300.jpg 212w, https:\/\/www.stretchingemozionale.it\/wp-content\/uploads\/2023\/06\/Attestato-Guida-alla-Terapia-della-Foresta-Shinrin-Yoku-724x1024.jpg 724w, https:\/\/www.stretchingemozionale.it\/wp-content\/uploads\/2023\/06\/Attestato-Guida-alla-Terapia-della-Foresta-Shinrin-Yoku-768x1086.jpg 768w, https:\/\/www.stretchingemozionale.it\/wp-content\/uploads\/2023\/06\/Attestato-Guida-alla-Terapia-della-Foresta-Shinrin-Yoku-1086x1536.jpg 1086w, https:\/\/www.stretchingemozionale.it\/wp-content\/uploads\/2023\/06\/Attestato-Guida-alla-Terapia-della-Foresta-Shinrin-Yoku-1448x2048.jpg 1448w, https:\/\/www.stretchingemozionale.it\/wp-content\/uploads\/2023\/06\/Attestato-Guida-alla-Terapia-della-Foresta-Shinrin-Yoku-696x984.jpg 696w, https:\/\/www.stretchingemozionale.it\/wp-content\/uploads\/2023\/06\/Attestato-Guida-alla-Terapia-della-Foresta-Shinrin-Yoku-1068x1511.jpg 1068w, https:\/\/www.stretchingemozionale.it\/wp-content\/uploads\/2023\/06\/Attestato-Guida-alla-Terapia-della-Foresta-Shinrin-Yoku-297x420.jpg 297w, https:\/\/www.stretchingemozionale.it\/wp-content\/uploads\/2023\/06\/Attestato-Guida-alla-Terapia-della-Foresta-Shinrin-Yoku-1920x2716.jpg 1920w, https:\/\/www.stretchingemozionale.it\/wp-content\/uploads\/2023\/06\/Attestato-Guida-alla-Terapia-della-Foresta-Shinrin-Yoku-scaled.jpg 1810w\" data-src=\"https:\/\/www.stretchingemozionale.it\/wp-content\/uploads\/2023\/06\/Attestato-Guida-alla-Terapia-della-Foresta-Shinrin-Yoku-212x300.jpg\" data-sizes=\"(max-width: 212px) 100vw, 212px\" \/><\/a><\/p>\n<p><strong>MAESTRO DI YOGA GIAPPONESE<\/strong><\/p>\n<p class=\"td-modal-image\"><a class=\"td-modal-image\" href=\"https:\/\/www.stretchingemozionale.it\/wp-content\/uploads\/2023\/06\/Maestro-di-Yoga-Giapponese-Maria-Daniela-Trentini.jpg\"><img decoding=\"async\" class=\"aligncenter size-medium wp-image-1681 lazyloaded td-animation-stack-type0-2\" src=\"https:\/\/www.stretchingemozionale.it\/wp-content\/uploads\/2023\/06\/Maestro-di-Yoga-Giapponese-Maria-Daniela-Trentini-212x300.jpg\" sizes=\"(max-width: 212px) 100vw, 212px\" srcset=\"https:\/\/www.stretchingemozionale.it\/wp-content\/uploads\/2023\/06\/Maestro-di-Yoga-Giapponese-Maria-Daniela-Trentini-212x300.jpg 212w, https:\/\/www.stretchingemozionale.it\/wp-content\/uploads\/2023\/06\/Maestro-di-Yoga-Giapponese-Maria-Daniela-Trentini-724x1024.jpg 724w, https:\/\/www.stretchingemozionale.it\/wp-content\/uploads\/2023\/06\/Maestro-di-Yoga-Giapponese-Maria-Daniela-Trentini-768x1086.jpg 768w, https:\/\/www.stretchingemozionale.it\/wp-content\/uploads\/2023\/06\/Maestro-di-Yoga-Giapponese-Maria-Daniela-Trentini-1086x1536.jpg 1086w, https:\/\/www.stretchingemozionale.it\/wp-content\/uploads\/2023\/06\/Maestro-di-Yoga-Giapponese-Maria-Daniela-Trentini-1448x2048.jpg 1448w, https:\/\/www.stretchingemozionale.it\/wp-content\/uploads\/2023\/06\/Maestro-di-Yoga-Giapponese-Maria-Daniela-Trentini-696x984.jpg 696w, https:\/\/www.stretchingemozionale.it\/wp-content\/uploads\/2023\/06\/Maestro-di-Yoga-Giapponese-Maria-Daniela-Trentini-1068x1510.jpg 1068w, https:\/\/www.stretchingemozionale.it\/wp-content\/uploads\/2023\/06\/Maestro-di-Yoga-Giapponese-Maria-Daniela-Trentini-297x420.jpg 297w, https:\/\/www.stretchingemozionale.it\/wp-content\/uploads\/2023\/06\/Maestro-di-Yoga-Giapponese-Maria-Daniela-Trentini.jpg 1655w\" alt=\"\" width=\"212\" height=\"300\" data-srcset=\"https:\/\/www.stretchingemozionale.it\/wp-content\/uploads\/2023\/06\/Maestro-di-Yoga-Giapponese-Maria-Daniela-Trentini-212x300.jpg 212w, https:\/\/www.stretchingemozionale.it\/wp-content\/uploads\/2023\/06\/Maestro-di-Yoga-Giapponese-Maria-Daniela-Trentini-724x1024.jpg 724w, https:\/\/www.stretchingemozionale.it\/wp-content\/uploads\/2023\/06\/Maestro-di-Yoga-Giapponese-Maria-Daniela-Trentini-768x1086.jpg 768w, https:\/\/www.stretchingemozionale.it\/wp-content\/uploads\/2023\/06\/Maestro-di-Yoga-Giapponese-Maria-Daniela-Trentini-1086x1536.jpg 1086w, https:\/\/www.stretchingemozionale.it\/wp-content\/uploads\/2023\/06\/Maestro-di-Yoga-Giapponese-Maria-Daniela-Trentini-1448x2048.jpg 1448w, https:\/\/www.stretchingemozionale.it\/wp-content\/uploads\/2023\/06\/Maestro-di-Yoga-Giapponese-Maria-Daniela-Trentini-696x984.jpg 696w, https:\/\/www.stretchingemozionale.it\/wp-content\/uploads\/2023\/06\/Maestro-di-Yoga-Giapponese-Maria-Daniela-Trentini-1068x1510.jpg 1068w, https:\/\/www.stretchingemozionale.it\/wp-content\/uploads\/2023\/06\/Maestro-di-Yoga-Giapponese-Maria-Daniela-Trentini-297x420.jpg 297w, https:\/\/www.stretchingemozionale.it\/wp-content\/uploads\/2023\/06\/Maestro-di-Yoga-Giapponese-Maria-Daniela-Trentini.jpg 1655w\" data-src=\"https:\/\/www.stretchingemozionale.it\/wp-content\/uploads\/2023\/06\/Maestro-di-Yoga-Giapponese-Maria-Daniela-Trentini-212x300.jpg\" data-sizes=\"(max-width: 212px) 100vw, 212px\" \/><\/a><\/p>\n<p><strong>MAESTRO DELL\u2019ESTASI con il percorso formativo breve di YOGA SCIAMANICO e INTEGRALE<\/strong><\/p>\n<p class=\"td-modal-image\"><a class=\"td-modal-image\" href=\"https:\/\/www.stretchingemozionale.it\/wp-content\/uploads\/2023\/06\/Attestato-Yoga-Sciamanico-e-Integrale-scaled.jpg\"><img decoding=\"async\" class=\"aligncenter size-medium wp-image-1679 lazyloaded td-animation-stack-type0-2\" src=\"https:\/\/www.stretchingemozionale.it\/wp-content\/uploads\/2023\/06\/Attestato-Yoga-Sciamanico-e-Integrale-212x300.jpg\" sizes=\"(max-width: 212px) 100vw, 212px\" srcset=\"https:\/\/www.stretchingemozionale.it\/wp-content\/uploads\/2023\/06\/Attestato-Yoga-Sciamanico-e-Integrale-212x300.jpg 212w, https:\/\/www.stretchingemozionale.it\/wp-content\/uploads\/2023\/06\/Attestato-Yoga-Sciamanico-e-Integrale-724x1024.jpg 724w, https:\/\/www.stretchingemozionale.it\/wp-content\/uploads\/2023\/06\/Attestato-Yoga-Sciamanico-e-Integrale-768x1086.jpg 768w, https:\/\/www.stretchingemozionale.it\/wp-content\/uploads\/2023\/06\/Attestato-Yoga-Sciamanico-e-Integrale-1086x1536.jpg 1086w, https:\/\/www.stretchingemozionale.it\/wp-content\/uploads\/2023\/06\/Attestato-Yoga-Sciamanico-e-Integrale-1448x2048.jpg 1448w, https:\/\/www.stretchingemozionale.it\/wp-content\/uploads\/2023\/06\/Attestato-Yoga-Sciamanico-e-Integrale-696x984.jpg 696w, https:\/\/www.stretchingemozionale.it\/wp-content\/uploads\/2023\/06\/Attestato-Yoga-Sciamanico-e-Integrale-1068x1511.jpg 1068w, https:\/\/www.stretchingemozionale.it\/wp-content\/uploads\/2023\/06\/Attestato-Yoga-Sciamanico-e-Integrale-297x420.jpg 297w, https:\/\/www.stretchingemozionale.it\/wp-content\/uploads\/2023\/06\/Attestato-Yoga-Sciamanico-e-Integrale-1920x2716.jpg 1920w, https:\/\/www.stretchingemozionale.it\/wp-content\/uploads\/2023\/06\/Attestato-Yoga-Sciamanico-e-Integrale-scaled.jpg 1810w\" alt=\"\" width=\"212\" height=\"300\" data-srcset=\"https:\/\/www.stretchingemozionale.it\/wp-content\/uploads\/2023\/06\/Attestato-Yoga-Sciamanico-e-Integrale-212x300.jpg 212w, https:\/\/www.stretchingemozionale.it\/wp-content\/uploads\/2023\/06\/Attestato-Yoga-Sciamanico-e-Integrale-724x1024.jpg 724w, https:\/\/www.stretchingemozionale.it\/wp-content\/uploads\/2023\/06\/Attestato-Yoga-Sciamanico-e-Integrale-768x1086.jpg 768w, https:\/\/www.stretchingemozionale.it\/wp-content\/uploads\/2023\/06\/Attestato-Yoga-Sciamanico-e-Integrale-1086x1536.jpg 1086w, https:\/\/www.stretchingemozionale.it\/wp-content\/uploads\/2023\/06\/Attestato-Yoga-Sciamanico-e-Integrale-1448x2048.jpg 1448w, https:\/\/www.stretchingemozionale.it\/wp-content\/uploads\/2023\/06\/Attestato-Yoga-Sciamanico-e-Integrale-696x984.jpg 696w, https:\/\/www.stretchingemozionale.it\/wp-content\/uploads\/2023\/06\/Attestato-Yoga-Sciamanico-e-Integrale-1068x1511.jpg 1068w, https:\/\/www.stretchingemozionale.it\/wp-content\/uploads\/2023\/06\/Attestato-Yoga-Sciamanico-e-Integrale-297x420.jpg 297w, https:\/\/www.stretchingemozionale.it\/wp-content\/uploads\/2023\/06\/Attestato-Yoga-Sciamanico-e-Integrale-1920x2716.jpg 1920w, https:\/\/www.stretchingemozionale.it\/wp-content\/uploads\/2023\/06\/Attestato-Yoga-Sciamanico-e-Integrale-scaled.jpg 1810w\" data-src=\"https:\/\/www.stretchingemozionale.it\/wp-content\/uploads\/2023\/06\/Attestato-Yoga-Sciamanico-e-Integrale-212x300.jpg\" data-sizes=\"(max-width: 212px) 100vw, 212px\" \/><\/a><\/p>\n<p>Naturopata ed Operatrice Shiatsu,<br \/>\ndiplomata presso la Scuola di Naturopatia dell\u2019Istituto Riza di Milano<br \/>\nAutrice di *Stretching Emozionale\u00ae*<br \/>\n(Casa Editrice OI Books &amp; Guides)<\/p>\n<p>MASTER IN \u201cALIMENTAZIONE DI SEGNALE DIETA-GIFT\u201d<\/p>\n<p>Maestra Formatrice in \u201cStretching Emozionale\u00ae\u2026la Danza delle Emozioni come Qualit\u00e0 dell\u2019Anima\u2026\u201d<br \/>\nConsulente in Floriterapia dei Fiori di Bach secondo le \u201cNuove Terapie Esoteriche\u201d di Dietmar Kr\u00e4mer.<br \/>\nOperatrice Reiki II Livello.<\/p>\n<p>daniela.trentini@tiscali.it (e-mail)<br \/>\nwww.nordicwalkingtaoverona.it<br \/>\nwww.stretchingemozionale.it<\/p>\n<p>Daniela Trentini (Skype)<br \/>\nMaria Daniela Trentini (Verona) (Facebook)<br \/>\nStretching Emozionale\u00ae\u201c\u2026La Danza delle Emozioni come Qualit\u00e0 dell\u2019Anima\u2026 (Verona) (Facebook)<br \/>\n*nordic walking tao *\u2026 oltre il nordic walking\u2026verso l\u2019infinito\u2026 (Verona) (Facebook)<\/p>\n<p><a class=\"td-modal-image\" href=\"https:\/\/www.stretchingemozionale.it\/wp-content\/uploads\/2019\/06\/accademia-zen-8x8_reg1.jpg\"><img decoding=\"async\" class=\"aligncenter size-full wp-image-1441 lazyloaded td-animation-stack-type0-2\" src=\"https:\/\/www.stretchingemozionale.it\/wp-content\/uploads\/2019\/06\/accademia-zen-8x8_reg1.jpg\" sizes=\"(max-width: 227px) 100vw, 227px\" srcset=\"https:\/\/www.stretchingemozionale.it\/wp-content\/uploads\/2019\/06\/accademia-zen-8x8_reg1.jpg 227w, https:\/\/www.stretchingemozionale.it\/wp-content\/uploads\/2019\/06\/accademia-zen-8x8_reg1-150x150.jpg 150w\" alt=\"\" width=\"227\" height=\"227\" data-srcset=\"https:\/\/www.stretchingemozionale.it\/wp-content\/uploads\/2019\/06\/accademia-zen-8x8_reg1.jpg 227w, https:\/\/www.stretchingemozionale.it\/wp-content\/uploads\/2019\/06\/accademia-zen-8x8_reg1-150x150.jpg 150w\" data-src=\"https:\/\/www.stretchingemozionale.it\/wp-content\/uploads\/2019\/06\/accademia-zen-8x8_reg1.jpg\" data-sizes=\"(max-width: 227px) 100vw, 227px\" \/><\/a><\/p>\n<p>Formatrice Sportiva Nazionale AICS di Nordic Walking<\/p>\n<p><img decoding=\"async\" class=\"aligncenter wp-image-4452 tie-appear lazyloaded td-animation-stack-type0-2\" src=\"http:\/\/www.nordicwalkingtaoverona.it\/wp-content\/uploads\/2016\/10\/LogoAICSnw.jpg\" sizes=\"(max-width: 533px) 100vw, 533px\" srcset=\"http:\/\/nordicwalkingtaoverona.it\/wp-content\/uploads\/2016\/10\/LogoAICSnw.jpg 533w, http:\/\/nordicwalkingtaoverona.it\/wp-content\/uploads\/2016\/10\/LogoAICSnw-300x173.jpg 300w\" alt=\"logoaicsnw\" width=\"217\" height=\"125\" data-srcset=\"http:\/\/nordicwalkingtaoverona.it\/wp-content\/uploads\/2016\/10\/LogoAICSnw.jpg 533w, http:\/\/nordicwalkingtaoverona.it\/wp-content\/uploads\/2016\/10\/LogoAICSnw-300x173.jpg 300w\" data-src=\"http:\/\/www.nordicwalkingtaoverona.it\/wp-content\/uploads\/2016\/10\/LogoAICSnw.jpg\" \/><\/p>\n<p>&nbsp;<\/p>\n<p><a class=\"_58cn\" href=\"https:\/\/www.facebook.com\/hashtag\/aicsnordicwalkingschool?source=feed_text&amp;epa=HASHTAG\" data-ft=\"{&quot;type&quot;:104,&quot;tn&quot;:&quot;*N&quot;}\"><span class=\"_5afx\"><span class=\"_58cl _5afz\" aria-label=\"hashtag\">#<\/span><span class=\"_58cm\">aicsnordicwalkingschool<\/span><\/span><\/a><\/p>\n<p><a href=\"https:\/\/l.facebook.com\/l.php?u=https%3A%2F%2Fwww.nordicwalkingschool.eu%2F_formazione%2F%3Ffbclid%3DIwAR08Xnl-iMsriuzy6Xo35-RPEB2_OLPbhl4qx7FrCvs9RS_xFkeILGRs42I&amp;h=AT0h8pukeLP7aiD2V7Mywjrt-xsTHCVLCOf3HxaUNEr9QWLvIVwkyriGssxHWYCYuQJKJHG6gD1JXFVkYvAauxXZ_zy7of8_8WxjADm5m4Hs8OSRnb4btqb0sqNvquMmn4ttUhs_17o1JeXyN8o\" target=\"_blank\" rel=\"noopener nofollow noreferrer\" data-ft=\"{&quot;tn&quot;:&quot;-U&quot;}\" data-lynx-mode=\"asynclazy\">https:\/\/www.nordicwalkingschool.eu\/_formazione\/<\/a><\/p>\n<p><img decoding=\"async\" class=\"aligncenter wp-image-6395 tie-appear lazyloaded td-animation-stack-type0-2\" src=\"http:\/\/nordicwalkingtaoverona.it\/wp-content\/uploads\/2019\/03\/LogoTaoR.jpg\" sizes=\"(max-width: 960px) 100vw, 960px\" srcset=\"http:\/\/nordicwalkingtaoverona.it\/wp-content\/uploads\/2019\/03\/LogoTaoR.jpg 960w, http:\/\/nordicwalkingtaoverona.it\/wp-content\/uploads\/2019\/03\/LogoTaoR-150x150.jpg 150w, http:\/\/nordicwalkingtaoverona.it\/wp-content\/uploads\/2019\/03\/LogoTaoR-300x300.jpg 300w, http:\/\/nordicwalkingtaoverona.it\/wp-content\/uploads\/2019\/03\/LogoTaoR-768x768.jpg 768w\" alt=\"\" width=\"221\" height=\"221\" data-srcset=\"http:\/\/nordicwalkingtaoverona.it\/wp-content\/uploads\/2019\/03\/LogoTaoR.jpg 960w, http:\/\/nordicwalkingtaoverona.it\/wp-content\/uploads\/2019\/03\/LogoTaoR-150x150.jpg 150w, http:\/\/nordicwalkingtaoverona.it\/wp-content\/uploads\/2019\/03\/LogoTaoR-300x300.jpg 300w, http:\/\/nordicwalkingtaoverona.it\/wp-content\/uploads\/2019\/03\/LogoTaoR-768x768.jpg 768w\" data-src=\"http:\/\/nordicwalkingtaoverona.it\/wp-content\/uploads\/2019\/03\/LogoTaoR.jpg\" data-sizes=\"(max-width: 960px) 100vw, 960px\" \/><\/p>\n<div class=\"text_exposed_show\">\n<p>&nbsp;<\/p>\n<\/div>\n<\/div>\n<\/div>\n","protected":false},"excerpt":{"rendered":"<p>Nella divinit\u00e0 del mondo trover\u00f2 me stesso in essa io riposo risplende la divinit\u00e0 dell\u2019anima mia nel puro amore per tutti gli esseri, risplende la divinit\u00e0 del mondo nei puri raggi della luce. (R.Steiner) &#8220;LIBERTA&#8217;&#8221; Walnut &#8220;Nell\u2019autunno della nostra vita procediamo in libert\u00e0 liberandoci dalle influenze che ci limitano e procedendo senza incertezze lungo la [&hellip;]<\/p>\n","protected":false},"author":2,"featured_media":599,"comment_status":"closed","ping_status":"open","sticky":true,"template":"","format":"standard","meta":{"footnotes":""},"categories":[1],"tags":[],"class_list":["post-1708","post","type-post","status-publish","format-standard","has-post-thumbnail","hentry","category-senza-categoria"],"_links":{"self":[{"href":"https:\/\/www.stretchingemozionale.it\/index.php?rest_route=\/wp\/v2\/posts\/1708","targetHints":{"allow":["GET"]}}],"collection":[{"href":"https:\/\/www.stretchingemozionale.it\/index.php?rest_route=\/wp\/v2\/posts"}],"about":[{"href":"https:\/\/www.stretchingemozionale.it\/index.php?rest_route=\/wp\/v2\/types\/post"}],"author":[{"embeddable":true,"href":"https:\/\/www.stretchingemozionale.it\/index.php?rest_route=\/wp\/v2\/users\/2"}],"replies":[{"embeddable":true,"href":"https:\/\/www.stretchingemozionale.it\/index.php?rest_route=%2Fwp%2Fv2%2Fcomments&post=1708"}],"version-history":[{"count":0,"href":"https:\/\/www.stretchingemozionale.it\/index.php?rest_route=\/wp\/v2\/posts\/1708\/revisions"}],"wp:featuredmedia":[{"embeddable":true,"href":"https:\/\/www.stretchingemozionale.it\/index.php?rest_route=\/wp\/v2\/media\/599"}],"wp:attachment":[{"href":"https:\/\/www.stretchingemozionale.it\/index.php?rest_route=%2Fwp%2Fv2%2Fmedia&parent=1708"}],"wp:term":[{"taxonomy":"category","embeddable":true,"href":"https:\/\/www.stretchingemozionale.it\/index.php?rest_route=%2Fwp%2Fv2%2Fcategories&post=1708"},{"taxonomy":"post_tag","embeddable":true,"href":"https:\/\/www.stretchingemozionale.it\/index.php?rest_route=%2Fwp%2Fv2%2Ftags&post=1708"}],"curies":[{"name":"wp","href":"https:\/\/api.w.org\/{rel}","templated":true}]}}