{"id":1673,"date":"2023-06-19T17:56:18","date_gmt":"2023-06-19T15:56:18","guid":{"rendered":"http:\/\/www.stretchingemozionale.it\/?p=1673"},"modified":"2023-06-19T18:04:03","modified_gmt":"2023-06-19T16:04:03","slug":"corso-di-stretching-emozionale-yoga-sciamanico-e-integrale-luglio-2023-facciamo-anima","status":"publish","type":"post","link":"https:\/\/www.stretchingemozionale.it\/?p=1673","title":{"rendered":"Corso di Stretching Emozionale\u00ae &#8211; YOGA SCIAMANICO e INTEGRALE luglio 2023&#8230;&#8221;facciamo Anima&#8221;"},"content":{"rendered":"<div dir=\"auto\">Proviamoci insieme perch\u00e9 il cammino per arrivare all\u2019<strong>Anima<\/strong> passa anche attraverso le pratiche del corpo, lo strumento di cui siamo dotati per proteggerla\u2026\u201d<em><strong>facciamo Anima\u201d<\/strong><\/em>\u00a0insieme e continuiamo a perseverare!<\/div>\n<div dir=\"auto\"><\/div>\n<div dir=\"auto\"><strong><em>\u2026ti aspetto, in un luogo magico e protetto, al di l\u00e0 del tempo e dello spazio\u2026<\/em><\/strong><\/div>\n<div dir=\"auto\"><\/div>\n<p><strong>CONTINUA\u2026<\/strong><\/p>\n<p>\u2022 Continua a ridere, anche se le giornate sono impegnative.<br \/>\n\u2022 Continua a sperare, anche se le difficolt\u00e0 sono tante.<br \/>\n\u2022 Continua a essere curiosa, anche se non succede niente di nuovo.<br \/>\n\u2022 Continua a credere nell\u2019amore, anche se il tuo cuore \u00e8 ferito.<br \/>\n\u2022 Continua a dar fiducia agli altri, anche se qualcuno ti ha tradito.<br \/>\n\u2022 Continua ad aiutare le persone, anche se non sempre ricevi gratitudine.<br \/>\n\u2022 Continua a sperare, anche se le cose vanno male.<br \/>\n\u2022 Continua a perdonare, anche se vorresti odiare.<br \/>\n\u2022 Continua a provarci, anche se trovi le porte chiuse.<br \/>\n\u2022 Continua a essere te stessa, anche se gli altri ti vorrebbero diversa.<br \/>\n\u2022 Continua a credere nei tuoi ideali, anche se sei solo tu a farlo.<br \/>\n\u2022 Continua a portare il bene, anche se intorno vedi il male.<br \/>\n\u2022 Continua a batterti per quello che \u00e8 giusto, anche se vedi solo ingiustizie.<br \/>\n\u2022 Continua a dare il meglio di te, anche se gli altri non lo fanno.<\/p>\n<p><em><strong>Continua ad amare, anche se non vedi amore. Niente verr\u00e0 perso. Verrai ripagata di tutto\u2026perch\u00e9 sarai vicina alla tua anima\u2026<\/strong><\/em><br \/>\n(Simona Oberhammer \u2013 La Via Femminile)<\/p>\n<p>Le sessioni di Stretching Emozionale\u00ae\ufe0f e Yoga Sciamanico e Integrale inizieranno luned\u00ec<\/p>\n<p><strong>3 luglio 2023<\/strong> in concomitanza con la Luna Piena e continueranno nei giorni di:<\/p>\n<p><strong>10 luglio 2023<\/strong> dalle ore 21.00 alle ore 22.15 circa<\/p>\n<p><strong>17 luglio 2023<\/strong> dalle ore 21.00 alle ore 22.15 circa<\/p>\n<p><strong>24 luglio 2023<\/strong> dalle ore 21.00 alle ore 22.15 circa<\/p>\n<p><strong>31 luglio 2023<\/strong> dalle ore 21.00 alle ore 22.15 circa<\/p>\n<p>Praticheremo all&#8217;aperto&#8230;<\/p>\n<p><strong>Dove?<\/strong> In Via Antonio da Legnago 9D Ponte Florio &#8211; Montorio &#8211; Verona<br \/>\n<strong>Quando?<\/strong> Tutti i luned\u00ec<br \/>\n<strong>A che ora?<\/strong> Dalle ore 21.00 alle ore 22.15 circa&#8230;<\/p>\n<p>Porta con te il tuo tappetino, un telo leggero e, se lo usi, un piccolo cuscino<\/p>\n<p><strong>Quanto costa?<\/strong> Le sessioni di Stretching Emozionale\u00ae\ufe0f e Yoga Sciamanico e Integrale sono libere, il contributo \u00e9 libero, a cuore..<img decoding=\"async\" class=\"an1 lazyload\" data-src=\"https:\/\/fonts.gstatic.com\/s\/e\/notoemoji\/15.0\/2764_fe0f\/32.png\" alt=\"\u2764\ufe0f\" data-emoji=\"\u2764\ufe0f\" aria-label=\"\u2764\ufe0f\" src=\"data:image\/svg+xml;base64,PHN2ZyB3aWR0aD0iMSIgaGVpZ2h0PSIxIiB4bWxucz0iaHR0cDovL3d3dy53My5vcmcvMjAwMC9zdmciPjwvc3ZnPg==\" \/><\/p>\n<p><a href=\"https:\/\/www.stretchingemozionale.it\/wp-content\/uploads\/2020\/04\/Direzione1.jpg\"><img decoding=\"async\" class=\"aligncenter size-medium wp-image-1523 lazyload\" data-src=\"https:\/\/www.stretchingemozionale.it\/wp-content\/uploads\/2020\/04\/Direzione1-300x199.jpg\" alt=\"\" width=\"300\" height=\"199\" data-srcset=\"https:\/\/www.stretchingemozionale.it\/wp-content\/uploads\/2020\/04\/Direzione1-300x199.jpg 300w, https:\/\/www.stretchingemozionale.it\/wp-content\/uploads\/2020\/04\/Direzione1-632x420.jpg 632w, https:\/\/www.stretchingemozionale.it\/wp-content\/uploads\/2020\/04\/Direzione1.jpg 691w\" data-sizes=\"(max-width: 300px) 100vw, 300px\" src=\"data:image\/svg+xml;base64,PHN2ZyB3aWR0aD0iMSIgaGVpZ2h0PSIxIiB4bWxucz0iaHR0cDovL3d3dy53My5vcmcvMjAwMC9zdmciPjwvc3ZnPg==\" style=\"--smush-placeholder-width: 300px; --smush-placeholder-aspect-ratio: 300\/199;\" \/><\/a><\/p>\n<p><b>Lo Stretching Emozionale\u00ae \u00e8 una pratica attraverso la quale ci\u00f2 che si attiva immediatamente sono le \u201cemozioni\u201d ed in questo meraviglioso stato dell\u2019Essere, per brevissimi momenti, frazioni di secondo, \u00e8 sfiorata l\u2019Estasi.<\/b><b>Lo Stretching \u00e8 un elemento che attiva, stimola e muove le forze che alimentano la Vita; va dentro, in profondit\u00e0, fino a contattare le nostre \u201cEnergie Ancestrali\u201d.<\/b><br \/>\n<b>Diventa, praticato con costanza e profonda consapevolezza, un riappropriarsi, attraverso il riavvicinamento ai cicli della natura, della centralit\u00e0 di \u201cS\u00e8\u201d\u2026<\/b><br \/>\n<b>Dalla Natura c\u2019\u00e8 ancora molto da imparare&#8230;<\/b><br \/>\n<b>Lo stretching dei meridiani energetici \u00e8 adatto a tutti e a tutte le et\u00e0 e permette di raggiungere, insieme ad una pratica corretta e consapevole anche del Nordic Walking, un buon equilibrio psico-fisico e soprattutto emozionale.<\/b><\/p>\n<p>\u201cMa cos\u2019\u00e8 nell\u2019essenza lo\u00a0<b>Stretching Emozionale\u00ae<\/b>?<\/p>\n<p>\u00c8 limitante abbinarlo soltanto allo stretching dei meridiani energetici di Medicina Tradizionale Cinese (MTC).<\/p>\n<p>Si avvale dell\u2019approfondimento e dello studio della Floriterapia dei Fiori di Bach secondo le \u201cNuove Terapie Esoteriche\u201d di Dietmar Kr\u00e4mer, frequentando personalmente i Master da lui tenuti in Italia e conseguendo i relativi riconoscimenti.<\/p>\n<p>Ogni esercizio che noi andremo ad eseguire ha una corrispondenza, non solo legata al meridiano energetico che stiamo allungando, ma ad un\u2019emozione in particolare, una \u201cvibrazione\u201d specifica di quell\u2019esercizio che corrisponde anche a quella del Fiore di Bach evocato.<\/p>\n<p>Il tutto arricchito da momenti unici e specifici di meditazione, per ogni esercizio, recitando il \u201cMantra\u201d dedicato.<\/p>\n<p><b>Attraverso questi esercizi di allungamento vengono stimolati ed attivati i Meridiani o Canali Energetici, \u2026\u201dpercorsi formati da un complesso disegno di punti, canali primari e rami secondari, in cui l\u2019energia pu\u00f2 fluire collegando insieme tutte le parti del corpo fino ad influenzare piani pi\u00f9 sottili come la mente e lo spirito\u2026\u201d<\/b><br \/>\n<b>Mi piace ricordare com\u2019\u00e8 definito il meridiano energetico secondo la Medicina Tradizionale Cinese: \u2026\u201dun flusso energetico sotterraneo che come un filo di seta percorre ed avvolge l\u2019intero organismo ed in profondit\u00e0 lo compenetra\u2026\u201d \u2026pura poesia!<\/b><br \/>\n<b>Diventa valido strumento per valutare autonomamente il proprio stato fisico ed energetico con l\u2019unica avvertenza di rispettare, nell\u2019esecuzione degli esercizi, ognuno il proprio limite senza mai arrivare ad un limite estremo che pu\u00f2 creare dolore, bruciore o tremore. (Maria Daniela Trentini)<\/b><\/p>\n<p><a href=\"https:\/\/www.stretchingemozionale.it\/wp-content\/uploads\/2023\/06\/Yoga.jpg\"><img decoding=\"async\" class=\"aligncenter size-full wp-image-1674 lazyload\" data-src=\"https:\/\/www.stretchingemozionale.it\/wp-content\/uploads\/2023\/06\/Yoga.jpg\" alt=\"\" width=\"225\" height=\"225\" data-srcset=\"https:\/\/www.stretchingemozionale.it\/wp-content\/uploads\/2023\/06\/Yoga.jpg 225w, https:\/\/www.stretchingemozionale.it\/wp-content\/uploads\/2023\/06\/Yoga-150x150.jpg 150w\" data-sizes=\"(max-width: 225px) 100vw, 225px\" src=\"data:image\/svg+xml;base64,PHN2ZyB3aWR0aD0iMSIgaGVpZ2h0PSIxIiB4bWxucz0iaHR0cDovL3d3dy53My5vcmcvMjAwMC9zdmciPjwvc3ZnPg==\" style=\"--smush-placeholder-width: 225px; --smush-placeholder-aspect-ratio: 225\/225;\" \/><\/a><br \/>\nLa pratica dello <b>Yoga Sciamanico<\/b>\u00a0e Integrale conduce a un nuovo paradigma esistenziale e sociale, caratterizzato da un rapporto armonico, non duale, tra uomo e natura. Se davvero posto in essere, genera un profondo cambiamento, fondato su un\u00a0<i>modus vivendi<\/i>\u00a0ecologico e consapevole.<br \/>\nPer intraprendere questo cammino in direzione di una\u00a0<b>trasformazione positiva delle coscienze<\/b>\u00a0si parte da un\u00a0<b>mutamento interiore<\/b>, dalla modificazione delle emozioni negative in positive e dalla \u201cmetamorfosi\u201d cellulare, attraverso un processo che porta alla \u201cgioia cellulare\u201d.<br \/>\nLo Yoga Sciamanico \u00e8 il\u00a0<b>mezzo naturale<\/b>,\u00a0<b>ancestrale<\/b>\u00a0e\u00a0<b>autenti<wbr \/>co<\/b>\u00a0per avviare questa trasformazione dell\u2019essere umano, della sua mente e delle sue cellule. Lo sciamanismo \u00e8 lo strumento principe che trasmuta le emozioni negative in positive e che genera vibrazioni di gioia.<\/p>\n<p>Praticare la poetica sciamanica significa ricollegarsi alla propria anima, al proprio mondo interiore, facendo fuoriuscire potenzialit\u00e0 latenti. Conduce a un riavvicinamento alla Grande Madre, alla Natura, a una profonda guarigione dell\u2019anima.<\/p>\n<p>Lo yoga sciamanico \u00e8 lo yoga pi\u00f9 antico e autentico. Lo sciamanismo animista, quale via dell\u2019estasi, \u00e8 la forma di spiritualit\u00e0 pi\u00f9 antica su questo pianeta. Dai Veda agli Yoga Sutra, la tradizione spirituale indiana ha fortemente assorbito le tecniche dell\u2019estasi sciamanica e le visioni dello sciamanismo delle origini. Le principali forme di yoga indiano e tibetano sono fortemente intrise del sentire animista e sciamanico. (Selene Calloni Williams)<\/p>\n<div class=\"yj6qo\"><\/div>\n<p><a href=\"https:\/\/www.stretchingemozionale.it\/wp-content\/uploads\/2019\/06\/Stretching-emozionale-logo8x8.jpg\"><img decoding=\"async\" class=\"aligncenter size-medium wp-image-1439 lazyload\" data-src=\"https:\/\/www.stretchingemozionale.it\/wp-content\/uploads\/2019\/06\/Stretching-emozionale-logo8x8-300x300.jpg\" alt=\"\" width=\"300\" height=\"300\" data-srcset=\"https:\/\/www.stretchingemozionale.it\/wp-content\/uploads\/2019\/06\/Stretching-emozionale-logo8x8-300x300.jpg 300w, https:\/\/www.stretchingemozionale.it\/wp-content\/uploads\/2019\/06\/Stretching-emozionale-logo8x8-150x150.jpg 150w, https:\/\/www.stretchingemozionale.it\/wp-content\/uploads\/2019\/06\/Stretching-emozionale-logo8x8-696x696.jpg 696w, https:\/\/www.stretchingemozionale.it\/wp-content\/uploads\/2019\/06\/Stretching-emozionale-logo8x8-420x420.jpg 420w, https:\/\/www.stretchingemozionale.it\/wp-content\/uploads\/2019\/06\/Stretching-emozionale-logo8x8.jpg 709w\" data-sizes=\"(max-width: 300px) 100vw, 300px\" src=\"data:image\/svg+xml;base64,PHN2ZyB3aWR0aD0iMSIgaGVpZ2h0PSIxIiB4bWxucz0iaHR0cDovL3d3dy53My5vcmcvMjAwMC9zdmciPjwvc3ZnPg==\" style=\"--smush-placeholder-width: 300px; --smush-placeholder-aspect-ratio: 300\/300;\" \/><\/a><\/p>\n<p><strong>Contatti:<\/strong><\/p>\n<p>Maria Daniela 349 4598108<\/p>\n<p>Formatrice Sportiva Nazionale AICS di Nordic Walking<\/p>\n<p><strong>\u201cFACILITATORE DELLO SHINRIN-YOKU\u201d<\/strong><\/p>\n<p>Guida alla Terapia della Foresta \u2013 Shinrin Yoku \u2013 Percorso formativo breve<\/p>\n<p><a href=\"https:\/\/www.stretchingemozionale.it\/wp-content\/uploads\/2023\/06\/Attestato-Facilitatore-Shinrin-Yoku-Maria-Daniela-Trentini.jpg\"><img decoding=\"async\" class=\"aligncenter size-medium wp-image-1682 lazyload\" data-src=\"https:\/\/www.stretchingemozionale.it\/wp-content\/uploads\/2023\/06\/Attestato-Facilitatore-Shinrin-Yoku-Maria-Daniela-Trentini-212x300.jpg\" alt=\"\" width=\"212\" height=\"300\" data-srcset=\"https:\/\/www.stretchingemozionale.it\/wp-content\/uploads\/2023\/06\/Attestato-Facilitatore-Shinrin-Yoku-Maria-Daniela-Trentini-212x300.jpg 212w, https:\/\/www.stretchingemozionale.it\/wp-content\/uploads\/2023\/06\/Attestato-Facilitatore-Shinrin-Yoku-Maria-Daniela-Trentini-724x1024.jpg 724w, https:\/\/www.stretchingemozionale.it\/wp-content\/uploads\/2023\/06\/Attestato-Facilitatore-Shinrin-Yoku-Maria-Daniela-Trentini-768x1086.jpg 768w, https:\/\/www.stretchingemozionale.it\/wp-content\/uploads\/2023\/06\/Attestato-Facilitatore-Shinrin-Yoku-Maria-Daniela-Trentini-696x984.jpg 696w, https:\/\/www.stretchingemozionale.it\/wp-content\/uploads\/2023\/06\/Attestato-Facilitatore-Shinrin-Yoku-Maria-Daniela-Trentini-297x420.jpg 297w, https:\/\/www.stretchingemozionale.it\/wp-content\/uploads\/2023\/06\/Attestato-Facilitatore-Shinrin-Yoku-Maria-Daniela-Trentini.jpg 794w\" data-sizes=\"(max-width: 212px) 100vw, 212px\" src=\"data:image\/svg+xml;base64,PHN2ZyB3aWR0aD0iMSIgaGVpZ2h0PSIxIiB4bWxucz0iaHR0cDovL3d3dy53My5vcmcvMjAwMC9zdmciPjwvc3ZnPg==\" style=\"--smush-placeholder-width: 212px; --smush-placeholder-aspect-ratio: 212\/300;\" \/><\/a> <a href=\"https:\/\/www.stretchingemozionale.it\/wp-content\/uploads\/2023\/06\/Attestato-Guida-alla-Terapia-della-Foresta-Shinrin-Yoku-scaled.jpg\"><img decoding=\"async\" class=\"aligncenter size-medium wp-image-1683 lazyload\" data-src=\"https:\/\/www.stretchingemozionale.it\/wp-content\/uploads\/2023\/06\/Attestato-Guida-alla-Terapia-della-Foresta-Shinrin-Yoku-212x300.jpg\" alt=\"\" width=\"212\" height=\"300\" data-srcset=\"https:\/\/www.stretchingemozionale.it\/wp-content\/uploads\/2023\/06\/Attestato-Guida-alla-Terapia-della-Foresta-Shinrin-Yoku-212x300.jpg 212w, https:\/\/www.stretchingemozionale.it\/wp-content\/uploads\/2023\/06\/Attestato-Guida-alla-Terapia-della-Foresta-Shinrin-Yoku-724x1024.jpg 724w, https:\/\/www.stretchingemozionale.it\/wp-content\/uploads\/2023\/06\/Attestato-Guida-alla-Terapia-della-Foresta-Shinrin-Yoku-768x1086.jpg 768w, https:\/\/www.stretchingemozionale.it\/wp-content\/uploads\/2023\/06\/Attestato-Guida-alla-Terapia-della-Foresta-Shinrin-Yoku-1086x1536.jpg 1086w, https:\/\/www.stretchingemozionale.it\/wp-content\/uploads\/2023\/06\/Attestato-Guida-alla-Terapia-della-Foresta-Shinrin-Yoku-1448x2048.jpg 1448w, https:\/\/www.stretchingemozionale.it\/wp-content\/uploads\/2023\/06\/Attestato-Guida-alla-Terapia-della-Foresta-Shinrin-Yoku-696x984.jpg 696w, https:\/\/www.stretchingemozionale.it\/wp-content\/uploads\/2023\/06\/Attestato-Guida-alla-Terapia-della-Foresta-Shinrin-Yoku-1068x1511.jpg 1068w, https:\/\/www.stretchingemozionale.it\/wp-content\/uploads\/2023\/06\/Attestato-Guida-alla-Terapia-della-Foresta-Shinrin-Yoku-297x420.jpg 297w, https:\/\/www.stretchingemozionale.it\/wp-content\/uploads\/2023\/06\/Attestato-Guida-alla-Terapia-della-Foresta-Shinrin-Yoku-1920x2716.jpg 1920w, https:\/\/www.stretchingemozionale.it\/wp-content\/uploads\/2023\/06\/Attestato-Guida-alla-Terapia-della-Foresta-Shinrin-Yoku-scaled.jpg 1810w\" data-sizes=\"(max-width: 212px) 100vw, 212px\" src=\"data:image\/svg+xml;base64,PHN2ZyB3aWR0aD0iMSIgaGVpZ2h0PSIxIiB4bWxucz0iaHR0cDovL3d3dy53My5vcmcvMjAwMC9zdmciPjwvc3ZnPg==\" style=\"--smush-placeholder-width: 212px; --smush-placeholder-aspect-ratio: 212\/300;\" \/><\/a><\/p>\n<p><strong>MAESTRO DI YOGA GIAPPONESE<\/strong><\/p>\n<p><a href=\"https:\/\/www.stretchingemozionale.it\/wp-content\/uploads\/2023\/06\/Maestro-di-Yoga-Giapponese-Maria-Daniela-Trentini.jpg\"><img decoding=\"async\" class=\"aligncenter size-medium wp-image-1681 lazyload\" data-src=\"https:\/\/www.stretchingemozionale.it\/wp-content\/uploads\/2023\/06\/Maestro-di-Yoga-Giapponese-Maria-Daniela-Trentini-212x300.jpg\" alt=\"\" width=\"212\" height=\"300\" data-srcset=\"https:\/\/www.stretchingemozionale.it\/wp-content\/uploads\/2023\/06\/Maestro-di-Yoga-Giapponese-Maria-Daniela-Trentini-212x300.jpg 212w, https:\/\/www.stretchingemozionale.it\/wp-content\/uploads\/2023\/06\/Maestro-di-Yoga-Giapponese-Maria-Daniela-Trentini-724x1024.jpg 724w, https:\/\/www.stretchingemozionale.it\/wp-content\/uploads\/2023\/06\/Maestro-di-Yoga-Giapponese-Maria-Daniela-Trentini-768x1086.jpg 768w, https:\/\/www.stretchingemozionale.it\/wp-content\/uploads\/2023\/06\/Maestro-di-Yoga-Giapponese-Maria-Daniela-Trentini-1086x1536.jpg 1086w, https:\/\/www.stretchingemozionale.it\/wp-content\/uploads\/2023\/06\/Maestro-di-Yoga-Giapponese-Maria-Daniela-Trentini-1448x2048.jpg 1448w, https:\/\/www.stretchingemozionale.it\/wp-content\/uploads\/2023\/06\/Maestro-di-Yoga-Giapponese-Maria-Daniela-Trentini-696x984.jpg 696w, https:\/\/www.stretchingemozionale.it\/wp-content\/uploads\/2023\/06\/Maestro-di-Yoga-Giapponese-Maria-Daniela-Trentini-1068x1510.jpg 1068w, https:\/\/www.stretchingemozionale.it\/wp-content\/uploads\/2023\/06\/Maestro-di-Yoga-Giapponese-Maria-Daniela-Trentini-297x420.jpg 297w, https:\/\/www.stretchingemozionale.it\/wp-content\/uploads\/2023\/06\/Maestro-di-Yoga-Giapponese-Maria-Daniela-Trentini.jpg 1655w\" data-sizes=\"(max-width: 212px) 100vw, 212px\" src=\"data:image\/svg+xml;base64,PHN2ZyB3aWR0aD0iMSIgaGVpZ2h0PSIxIiB4bWxucz0iaHR0cDovL3d3dy53My5vcmcvMjAwMC9zdmciPjwvc3ZnPg==\" style=\"--smush-placeholder-width: 212px; --smush-placeholder-aspect-ratio: 212\/300;\" \/><\/a><\/p>\n<p><strong>MAESTRO DELL&#8217;ESTASI con il percorso formativo breve di YOGA SCIAMANICO e INTEGRALE<\/strong><\/p>\n<p><a href=\"https:\/\/www.stretchingemozionale.it\/wp-content\/uploads\/2023\/06\/Attestato-Yoga-Sciamanico-e-Integrale-scaled.jpg\"><img decoding=\"async\" class=\"aligncenter size-medium wp-image-1679 lazyload\" data-src=\"https:\/\/www.stretchingemozionale.it\/wp-content\/uploads\/2023\/06\/Attestato-Yoga-Sciamanico-e-Integrale-212x300.jpg\" alt=\"\" width=\"212\" height=\"300\" data-srcset=\"https:\/\/www.stretchingemozionale.it\/wp-content\/uploads\/2023\/06\/Attestato-Yoga-Sciamanico-e-Integrale-212x300.jpg 212w, https:\/\/www.stretchingemozionale.it\/wp-content\/uploads\/2023\/06\/Attestato-Yoga-Sciamanico-e-Integrale-724x1024.jpg 724w, https:\/\/www.stretchingemozionale.it\/wp-content\/uploads\/2023\/06\/Attestato-Yoga-Sciamanico-e-Integrale-768x1086.jpg 768w, https:\/\/www.stretchingemozionale.it\/wp-content\/uploads\/2023\/06\/Attestato-Yoga-Sciamanico-e-Integrale-1086x1536.jpg 1086w, https:\/\/www.stretchingemozionale.it\/wp-content\/uploads\/2023\/06\/Attestato-Yoga-Sciamanico-e-Integrale-1448x2048.jpg 1448w, https:\/\/www.stretchingemozionale.it\/wp-content\/uploads\/2023\/06\/Attestato-Yoga-Sciamanico-e-Integrale-696x984.jpg 696w, https:\/\/www.stretchingemozionale.it\/wp-content\/uploads\/2023\/06\/Attestato-Yoga-Sciamanico-e-Integrale-1068x1511.jpg 1068w, https:\/\/www.stretchingemozionale.it\/wp-content\/uploads\/2023\/06\/Attestato-Yoga-Sciamanico-e-Integrale-297x420.jpg 297w, https:\/\/www.stretchingemozionale.it\/wp-content\/uploads\/2023\/06\/Attestato-Yoga-Sciamanico-e-Integrale-1920x2716.jpg 1920w, https:\/\/www.stretchingemozionale.it\/wp-content\/uploads\/2023\/06\/Attestato-Yoga-Sciamanico-e-Integrale-scaled.jpg 1810w\" data-sizes=\"(max-width: 212px) 100vw, 212px\" src=\"data:image\/svg+xml;base64,PHN2ZyB3aWR0aD0iMSIgaGVpZ2h0PSIxIiB4bWxucz0iaHR0cDovL3d3dy53My5vcmcvMjAwMC9zdmciPjwvc3ZnPg==\" style=\"--smush-placeholder-width: 212px; --smush-placeholder-aspect-ratio: 212\/300;\" \/><\/a><\/p>\n<p>Naturopata ed Operatrice Shiatsu,<br \/>\ndiplomata presso la Scuola di Naturopatia dell\u2019Istituto Riza di Milano<br \/>\nAutrice di *Stretching Emozionale*<br \/>\n(Casa Editrice OI Books &amp; Guides)<\/p>\n<p>MASTER IN \u201cALIMENTAZIONE DI SEGNALE DIETA-GIFT\u201d<\/p>\n<p>Maestra Formatrice in \u201cStretching Emozionale\u00ae\u2026la Danza delle Emozioni come Qualit\u00e0 dell\u2019Anima\u2026\u201d<br \/>\nConsulente in Floriterapia dei Fiori di Bach secondo le \u201cNuove Terapie Esoteriche\u201d di Dietmar Kr\u00e4mer.<br \/>\nOperatrice Reiki II Livello.<\/p>\n<p>daniela.trentini@tiscali.it (e-mail)<br \/>\nwww.nordicwalkingtaoverona.it<br \/>\nwww.stretchingemozionale.it<\/p>\n<p>Daniela Trentini (Skype)<br \/>\nMaria Daniela Trentini (Verona) (Facebook)<br \/>\nStretching Emozionale\u00ae\u201c\u2026La Danza delle Emozioni come Qualit\u00e0 dell\u2019Anima\u2026 (Verona) (Facebook)<br \/>\n*nordic walking tao *\u2026 oltre il nordic walking\u2026verso l\u2019infinito\u2026 (Verona) (Facebook)<\/p>\n<p><a href=\"https:\/\/www.stretchingemozionale.it\/wp-content\/uploads\/2019\/06\/accademia-zen-8x8_reg1.jpg\"><img decoding=\"async\" class=\"aligncenter size-full wp-image-1441 lazyload\" data-src=\"https:\/\/www.stretchingemozionale.it\/wp-content\/uploads\/2019\/06\/accademia-zen-8x8_reg1.jpg\" alt=\"\" width=\"227\" height=\"227\" data-srcset=\"https:\/\/www.stretchingemozionale.it\/wp-content\/uploads\/2019\/06\/accademia-zen-8x8_reg1.jpg 227w, https:\/\/www.stretchingemozionale.it\/wp-content\/uploads\/2019\/06\/accademia-zen-8x8_reg1-150x150.jpg 150w\" data-sizes=\"(max-width: 227px) 100vw, 227px\" src=\"data:image\/svg+xml;base64,PHN2ZyB3aWR0aD0iMSIgaGVpZ2h0PSIxIiB4bWxucz0iaHR0cDovL3d3dy53My5vcmcvMjAwMC9zdmciPjwvc3ZnPg==\" style=\"--smush-placeholder-width: 227px; --smush-placeholder-aspect-ratio: 227\/227;\" \/><\/a><\/p>\n","protected":false},"excerpt":{"rendered":"<p>Proviamoci insieme perch\u00e9 il cammino per arrivare all\u2019Anima passa anche attraverso le pratiche del corpo, lo strumento di cui siamo dotati per proteggerla\u2026\u201dfacciamo Anima\u201d\u00a0insieme e continuiamo a perseverare! \u2026ti aspetto, in un luogo magico e protetto, al di l\u00e0 del tempo e dello spazio\u2026 CONTINUA\u2026 \u2022 Continua a ridere, anche se le giornate sono impegnative. [&hellip;]<\/p>\n","protected":false},"author":2,"featured_media":1678,"comment_status":"closed","ping_status":"open","sticky":true,"template":"","format":"standard","meta":{"footnotes":""},"categories":[2,1],"tags":[],"class_list":["post-1673","post","type-post","status-publish","format-standard","has-post-thumbnail","hentry","category-eventi","category-senza-categoria"],"_links":{"self":[{"href":"https:\/\/www.stretchingemozionale.it\/index.php?rest_route=\/wp\/v2\/posts\/1673","targetHints":{"allow":["GET"]}}],"collection":[{"href":"https:\/\/www.stretchingemozionale.it\/index.php?rest_route=\/wp\/v2\/posts"}],"about":[{"href":"https:\/\/www.stretchingemozionale.it\/index.php?rest_route=\/wp\/v2\/types\/post"}],"author":[{"embeddable":true,"href":"https:\/\/www.stretchingemozionale.it\/index.php?rest_route=\/wp\/v2\/users\/2"}],"replies":[{"embeddable":true,"href":"https:\/\/www.stretchingemozionale.it\/index.php?rest_route=%2Fwp%2Fv2%2Fcomments&post=1673"}],"version-history":[{"count":0,"href":"https:\/\/www.stretchingemozionale.it\/index.php?rest_route=\/wp\/v2\/posts\/1673\/revisions"}],"wp:featuredmedia":[{"embeddable":true,"href":"https:\/\/www.stretchingemozionale.it\/index.php?rest_route=\/wp\/v2\/media\/1678"}],"wp:attachment":[{"href":"https:\/\/www.stretchingemozionale.it\/index.php?rest_route=%2Fwp%2Fv2%2Fmedia&parent=1673"}],"wp:term":[{"taxonomy":"category","embeddable":true,"href":"https:\/\/www.stretchingemozionale.it\/index.php?rest_route=%2Fwp%2Fv2%2Fcategories&post=1673"},{"taxonomy":"post_tag","embeddable":true,"href":"https:\/\/www.stretchingemozionale.it\/index.php?rest_route=%2Fwp%2Fv2%2Ftags&post=1673"}],"curies":[{"name":"wp","href":"https:\/\/api.w.org\/{rel}","templated":true}]}}