{"id":1631,"date":"2021-01-26T15:17:43","date_gmt":"2021-01-26T14:17:43","guid":{"rendered":"http:\/\/www.stretchingemozionale.it\/?p=1631"},"modified":"2021-01-26T15:17:43","modified_gmt":"2021-01-26T14:17:43","slug":"la-sesta-ed-ultima-emozione-dellinverno-eamore","status":"publish","type":"post","link":"https:\/\/www.stretchingemozionale.it\/?p=1631","title":{"rendered":"La sesta, ed ultima emozione dell\u2019Inverno, \u00e8\u2026*AMORE*!!!"},"content":{"rendered":"<div class=\"td-pb-row\">\n<div class=\"td-pb-span12\">\n<div class=\"td-post-header\">\n<header class=\"td-post-title\">\n<h1 class=\"entry-title\" style=\"text-align: center;\"><strong style=\"font-family: Verdana, Geneva, sans-serif; font-size: 15px; color: #222222;\">\u201cApro il mio cuore all\u2019amore e alla comprensione.\u201d<\/strong><\/h1>\n<\/header>\n<\/div>\n<\/div>\n<\/div>\n<div class=\"td-pb-row\">\n<div class=\"td-pb-span8 td-main-content\" role=\"main\">\n<div class=\"td-ss-main-content\">\n<div class=\"td-post-content\">\n<p><em><strong>Quando odio, mi privo di qualcosa, quando amo, mi arricchisco a misura di ci\u00f2 che amo.<\/strong><\/em><br \/>\n<em><strong>(Friedrich Schiller)<\/strong><\/em><\/p>\n<p><a class=\"td-modal-image\" href=\"https:\/\/www.stretchingemozionale.it\/wp-content\/uploads\/2014\/11\/AMORE1.jpg\"><img decoding=\"async\" class=\"aligncenter size-full wp-image-475 lazyloaded\" src=\"https:\/\/www.stretchingemozionale.it\/wp-content\/uploads\/2014\/11\/AMORE1.jpg\" sizes=\"(max-width: 3008px) 100vw, 3008px\" srcset=\"https:\/\/www.stretchingemozionale.it\/wp-content\/uploads\/2014\/11\/AMORE1.jpg 3008w, https:\/\/www.stretchingemozionale.it\/wp-content\/uploads\/2014\/11\/AMORE1-300x199.jpg 300w, https:\/\/www.stretchingemozionale.it\/wp-content\/uploads\/2014\/11\/AMORE1-1024x680.jpg 1024w, https:\/\/www.stretchingemozionale.it\/wp-content\/uploads\/2014\/11\/AMORE1-451x300.jpg 451w\" alt=\"\" width=\"3008\" height=\"2000\" data-srcset=\"https:\/\/www.stretchingemozionale.it\/wp-content\/uploads\/2014\/11\/AMORE1.jpg 3008w, https:\/\/www.stretchingemozionale.it\/wp-content\/uploads\/2014\/11\/AMORE1-300x199.jpg 300w, https:\/\/www.stretchingemozionale.it\/wp-content\/uploads\/2014\/11\/AMORE1-1024x680.jpg 1024w, https:\/\/www.stretchingemozionale.it\/wp-content\/uploads\/2014\/11\/AMORE1-451x300.jpg 451w\" data-src=\"https:\/\/www.stretchingemozionale.it\/wp-content\/uploads\/2014\/11\/AMORE1.jpg\" data-sizes=\"(max-width: 3008px) 100vw, 3008px\" \/><\/a><\/p>\n<p>Dice Bach:\u00a0<strong>[\u2026] Per quelli che a volte sono assaliti da pensieri come la gelosia, l\u2019invidia, la vendetta ed il sospetto. Per le differenti forme di vessazione. Dentro di se possono soffrire molto e spesso, senza che ci sia una causa reale alla loro infelicit\u00e0. [\u2026]<\/strong><\/p>\n<p>Spesso dicono:\u00a0<em><strong>\u201cNon so come faccia quello a\u2026\u201d<\/strong><\/em><\/p>\n<p style=\"text-align: center;\"><strong>#Amore<\/strong><br \/>\n\u2026corrisponde al Fiore di Bach<br \/>\n<b>#Holly<br \/>\nAgrifoglio<br \/>\n(<\/b><b>Ilex<\/b><b>\u00a0\u00a0<\/b><b>aquifolium<\/b><b>)<\/b><\/p>\n<p style=\"text-align: center;\">&#8230;in combinazione con l&#8217;olio essenziale<br \/>\n<strong>#Rosa<\/strong><br \/>\n<strong>(Rosa damascena)<\/strong><\/p>\n<p style=\"text-align: center;\">&#8230;e cristallo pietra<br \/>\n<strong>#Agata bruna<\/strong><\/p>\n<p><a class=\"td-modal-image\" href=\"https:\/\/www.stretchingemozionale.it\/wp-content\/uploads\/2014\/11\/AMORE2.jpg\"><img decoding=\"async\" class=\"aligncenter size-full wp-image-476 lazyloaded\" src=\"https:\/\/www.stretchingemozionale.it\/wp-content\/uploads\/2014\/11\/AMORE2.jpg\" sizes=\"(max-width: 3008px) 100vw, 3008px\" srcset=\"https:\/\/www.stretchingemozionale.it\/wp-content\/uploads\/2014\/11\/AMORE2.jpg 3008w, https:\/\/www.stretchingemozionale.it\/wp-content\/uploads\/2014\/11\/AMORE2-300x199.jpg 300w, https:\/\/www.stretchingemozionale.it\/wp-content\/uploads\/2014\/11\/AMORE2-1024x680.jpg 1024w, https:\/\/www.stretchingemozionale.it\/wp-content\/uploads\/2014\/11\/AMORE2-451x300.jpg 451w\" alt=\"\" width=\"3008\" height=\"2000\" data-srcset=\"https:\/\/www.stretchingemozionale.it\/wp-content\/uploads\/2014\/11\/AMORE2.jpg 3008w, https:\/\/www.stretchingemozionale.it\/wp-content\/uploads\/2014\/11\/AMORE2-300x199.jpg 300w, https:\/\/www.stretchingemozionale.it\/wp-content\/uploads\/2014\/11\/AMORE2-1024x680.jpg 1024w, https:\/\/www.stretchingemozionale.it\/wp-content\/uploads\/2014\/11\/AMORE2-451x300.jpg 451w\" data-src=\"https:\/\/www.stretchingemozionale.it\/wp-content\/uploads\/2014\/11\/AMORE2.jpg\" data-sizes=\"(max-width: 3008px) 100vw, 3008px\" \/><\/a><strong>#Amore \u00e8 un\u2019emozione del Movimento Acqua, Rene e Vescica Urinaria i meridiani energetici interessati.<\/strong><\/p>\n<p>Esecuzione:<\/p>\n<ol>\n<li><strong>Siediti sui talloni o, se questa posizione ti risultasse scomoda, su una sedia con le mani intrecciate appoggiate sopra la nuca e i gomiti aperti.<\/strong><\/li>\n<li><strong>Inspira ed espirando lentamente lascia cadere il capo in avanti chiudendo i gomiti.<\/strong><\/li>\n<li><strong>Dopo alcune ripetizioni dell\u2019esercizio rilassare la schiena e lasciare che il busto si appoggi in flessione su se stesso.<\/strong><\/li>\n<\/ol>\n<p style=\"text-align: center;\"><b>#Holly<br \/>\nAgrifoglio<br \/>\n(<\/b><b>Ilex<\/b><b>\u00a0\u00a0<\/b><b>aquifolium<\/b><b>)<\/b><\/p>\n<p><a class=\"td-modal-image\" href=\"https:\/\/www.stretchingemozionale.it\/wp-content\/uploads\/2019\/01\/Holly-1.jpg\"><img decoding=\"async\" class=\"aligncenter size-full wp-image-1232 lazyloaded\" src=\"https:\/\/www.stretchingemozionale.it\/wp-content\/uploads\/2019\/01\/Holly-1.jpg\" sizes=\"(max-width: 798px) 100vw, 798px\" srcset=\"https:\/\/www.stretchingemozionale.it\/wp-content\/uploads\/2019\/01\/Holly-1.jpg 798w, https:\/\/www.stretchingemozionale.it\/wp-content\/uploads\/2019\/01\/Holly-1-300x225.jpg 300w, https:\/\/www.stretchingemozionale.it\/wp-content\/uploads\/2019\/01\/Holly-1-768x576.jpg 768w, https:\/\/www.stretchingemozionale.it\/wp-content\/uploads\/2019\/01\/Holly-1-400x300.jpg 400w\" alt=\"\" width=\"798\" height=\"598\" data-srcset=\"https:\/\/www.stretchingemozionale.it\/wp-content\/uploads\/2019\/01\/Holly-1.jpg 798w, https:\/\/www.stretchingemozionale.it\/wp-content\/uploads\/2019\/01\/Holly-1-300x225.jpg 300w, https:\/\/www.stretchingemozionale.it\/wp-content\/uploads\/2019\/01\/Holly-1-768x576.jpg 768w, https:\/\/www.stretchingemozionale.it\/wp-content\/uploads\/2019\/01\/Holly-1-400x300.jpg 400w\" data-src=\"https:\/\/www.stretchingemozionale.it\/wp-content\/uploads\/2019\/01\/Holly-1.jpg\" data-sizes=\"(max-width: 798px) 100vw, 798px\" \/><\/a><\/p>\n<p><b>Ancora una volta siamo alle prese con un termine greco (<\/b><b>ilex<\/b><b>), che significa \u201cmitezza, benevolenza\u201d. Questo, infatti, sembra essere l\u2019unico rimedio possibile per il carattere del personaggio che la pianta ben rappresenta con le sue foglie coriacee e pungenti e le bacche tossiche che ad esse si alternano. \u201c<\/b><b>Aquifolium<\/b><b>\u201d pu\u00f2 derivare tanto dall\u2019aggettivo latino \u201c<\/b><b>aquilus<\/b><b>\u201d, che significa bruno, scuro, cupo, quindi \u201ca foglie scure\u201d, che dal greco \u201c<\/b><b>aculos<\/b><b>\u201d, ghianda di leccio, quindi per estensione, \u201ccon foglie simili a quelle del leccio\u201d che sono anche \u201caculeate\u201d.<\/b><\/p>\n<p><b>In molti paesi del mondo l\u2019agrifoglio \u00e8 considerato la pianta dell\u2019amore e, oltre ad essere uno dei simboli del Natale, viene usato in molte tradizioni e rituali come propiziatore di pace e serenit\u00e0. Il suo nome inglese deriva da un\u2019antica radice anglosassone che significa \u201csanto\u201d: \u201c<\/b><b>holy<\/b><b>\u201d \u00e8, infatti, il termine inglese corrispondente, \u201c<\/b><b>heilig<\/b><b>\u201d quello tedesco.<\/b><\/p>\n<p><a class=\"td-modal-image\" href=\"https:\/\/www.stretchingemozionale.it\/wp-content\/uploads\/2019\/01\/Holly1.jpg\"><img decoding=\"async\" class=\"aligncenter size-full wp-image-1233 lazyloaded\" src=\"https:\/\/www.stretchingemozionale.it\/wp-content\/uploads\/2019\/01\/Holly1.jpg\" sizes=\"(max-width: 539px) 100vw, 539px\" srcset=\"https:\/\/www.stretchingemozionale.it\/wp-content\/uploads\/2019\/01\/Holly1.jpg 539w, https:\/\/www.stretchingemozionale.it\/wp-content\/uploads\/2019\/01\/Holly1-197x300.jpg 197w\" alt=\"\" width=\"539\" height=\"820\" data-srcset=\"https:\/\/www.stretchingemozionale.it\/wp-content\/uploads\/2019\/01\/Holly1.jpg 539w, https:\/\/www.stretchingemozionale.it\/wp-content\/uploads\/2019\/01\/Holly1-197x300.jpg 197w\" data-src=\"https:\/\/www.stretchingemozionale.it\/wp-content\/uploads\/2019\/01\/Holly1.jpg\" data-sizes=\"(max-width: 539px) 100vw, 539px\" \/><\/a><\/p>\n<p><em><strong>(Disegno a mano libera di Elena Cuccarolo)<\/strong><\/em><\/p>\n<p><em>[\u2026] L\u2019essenza\u00a0<strong>#Holly<\/strong>\u00a0si collega al principio dell\u2019amore Divino che tutto abbraccia, che sostiene il mondo ed \u00e8 superiore alle capacit\u00e0 di comprensione razionale dell\u2019uomo. Questo amore, o energia suprema, \u00e8 il nostro vero elisir di vita, la maggiore forza rigeneratrice, la carica propulsiva pi\u00f9 forte, la verit\u00e0 eterna, la consapevolezza dell\u2019unit\u00e0.<\/em><\/p>\n<p><em>Laddove questa forza prorompente dell\u2019amore viene fraintesa o non pu\u00f2 essere accettata, si tramuta nel suo contrario, cio\u00e8 separazione, negazione e odio, e diventa la causa ultima di tutti gli altri avvenimenti negativi della vita.<\/em><\/p>\n<p><em>Se si vive immersi nel flusso dell\u2019amore, ovvero \u201cnella grazia\u201d, il cuore \u00e8 aperto e tutti gli uomini diventano fratelli.\u00a0<strong>#Holly<\/strong>\u00a0ci protegge da tutto ci\u00f2 che non \u00e8 amore.\u00a0<strong>#Holly<\/strong> ci apre il cuore all\u2019amore Divino. Siamo in grado di sviluppare la percezione delle nostre origini, del nostro destino e della nostra appartenenza, e ci rendiamo conto che siamo tutti figli dell\u2019amore Divino.\u00a0<strong>#Holly<\/strong>\u00a0ci aiuta a vivere sempre in uno stato di amore, bellezza, di festosit\u00e0 e di appagamento, in cui ci si sente tutt\u2019uno con il mondo e si \u00e8 in grado di percepire e di accettare tutto nel suo ordine naturale; in cui si \u00e8 in grado di godere senza invidia del successo altrui, anche quando ci si trova in una situazione difficile. La qualit\u00e0 spirituale di\u00a0<strong>#Holly<\/strong>\u00a0\u00e8 lo stato umano ideale per eccellenza, verso cui si tende durante la vita sulla terra.<\/em><\/p>\n<p><em>Diceva Sri Aurobindo: \u201cSentire e amare il Dio della bellezza e della bont\u00e0 anche nel laido (sudicio, ripugnante) e nel cattivo, e comunque desiderare, in un eccesso d\u2019amore, di liberarlo dalla bruttezza e dalla cattiveria, questa \u00e8 vera virt\u00f9.\u201d<\/em><\/p>\n<p><em>L\u2019assunzione dell\u2019essenza\u00a0<strong>#Holly<\/strong>\u00a0permette di vivere nell\u2019armonia interiore, irradiando benessere e gioia, pensando con il cuore e provando una profonda comprensione per il mondo dei sentimenti umani. [..]<\/em><\/p>\n<p style=\"text-align: center;\"><strong>#Rosa<\/strong><br \/>\n<strong>(Rosa damascena)<\/strong><\/p>\n<p style=\"text-align: center;\"><a href=\"https:\/\/www.stretchingemozionale.it\/wp-content\/uploads\/2021\/01\/Rosa-damascena.jpg\"><img decoding=\"async\" class=\"aligncenter size-full wp-image-1634 lazyload\" data-src=\"https:\/\/www.stretchingemozionale.it\/wp-content\/uploads\/2021\/01\/Rosa-damascena.jpg\" alt=\"\" width=\"1000\" height=\"697\" data-srcset=\"https:\/\/www.stretchingemozionale.it\/wp-content\/uploads\/2021\/01\/Rosa-damascena.jpg 1000w, https:\/\/www.stretchingemozionale.it\/wp-content\/uploads\/2021\/01\/Rosa-damascena-300x209.jpg 300w, https:\/\/www.stretchingemozionale.it\/wp-content\/uploads\/2021\/01\/Rosa-damascena-768x535.jpg 768w, https:\/\/www.stretchingemozionale.it\/wp-content\/uploads\/2021\/01\/Rosa-damascena-100x70.jpg 100w, https:\/\/www.stretchingemozionale.it\/wp-content\/uploads\/2021\/01\/Rosa-damascena-200x140.jpg 200w, https:\/\/www.stretchingemozionale.it\/wp-content\/uploads\/2021\/01\/Rosa-damascena-696x485.jpg 696w, https:\/\/www.stretchingemozionale.it\/wp-content\/uploads\/2021\/01\/Rosa-damascena-603x420.jpg 603w\" data-sizes=\"(max-width: 1000px) 100vw, 1000px\" src=\"data:image\/svg+xml;base64,PHN2ZyB3aWR0aD0iMSIgaGVpZ2h0PSIxIiB4bWxucz0iaHR0cDovL3d3dy53My5vcmcvMjAwMC9zdmciPjwvc3ZnPg==\" style=\"--smush-placeholder-width: 1000px; --smush-placeholder-aspect-ratio: 1000\/697;\" \/><\/a><\/p>\n<p>L&#8217;olio essenziale di <em><strong>#rosa<\/strong><\/em> \u00e8, in assoluto, una delle essenze pi\u00f9 costose sia per il costoso processo di fabbricazione, sia per lo scarso rendimento. La &#8220;regina dei fiori&#8221; fiorisce forse per un mese all&#8217;anno. Affinch\u00e8 l&#8217;olio essenziale, contenuto nell&#8217;infiorescenza in quantit\u00e0 molto esigua, non evapori con i raggi del sole, i suoi fiori devono essere raccolti a mano nelle prime ore del mattino. I fiori non vanno schiacciati, perch\u00e8 comincerebbero immediatamente ad appassire. Inoltre, la loro lavorazione deve iniziare entro ventiquattr&#8217;ore dalla raccolta. Occorrono circa 5000 kg di fiori freschi per ottenere 1 kg di essenza. Durante il processo di distillazione, quale sottoprodotto, si ricava l&#8217;acqua di rose, che costituisce una valida alternativa a buon mercato per uso cosmetico.<br \/>\nDai tempi pi\u00f9 antichi la rosa viene considerata il simbolo dell&#8217;amore, della bellezza e dell&#8217;armonia. L&#8217;olio di rose ci mette in pace con noi stessi e con gli altri e ci apre il cuore alla comprensione e all&#8217;amore. Esso crea un&#8217;atmosfera di armonia e di gentilezza, favorisce la simpatia e attenua collera, rancore, invidia e gelosia. In caso di ferite psichiche, delusioni e pene di cuore, elargisce consolazione e aiuta a perdonare. Inoltre, messo ad evaporare sulla lampada aromatica, favorisce i colloqui chiarificatori e, diluito in alcol al 96%, crea un&#8217;atmosfera adatta ai <em>rendez-vous<\/em>.<br \/>\nIl piacevole profumo della rosa \u00e8 indicato per i tipi <em><strong>#Holly<\/strong><\/em>, che creano disarmonia ovunque vadano, che vivono in uno stato di costante inquietudine astiosa, manifestando apertamente e senza ritegno la loro pressione interiore, senza preoccuparsi dei sentimenti degli altri. Si tratta di persone che si adirano facilmente, ma che trovano un colpevole sul quale scaricare la responsabilit\u00e0 per il loro cattivo umore. Nei momenti di forte irritazione, esse vengono disturbate anche dalla mosca sul muro, oppure reagiscono con accessi di collera su chiunque abbia la sfortuna di attraversare loro la strada in quel momento. Talvolta cercano addirittura la lite provocando l&#8217;altro, oppure ribollono interiormente, convivendo spesso con la sensazione di scoppiare di collera. Poich\u00e8, a causa del loro atteggiamento di rifiuto, esse sbarrano il cuore ai sentimenti positivi, sembra che per loro non esista nulla che possa un giorno porre fine alle sofferenze che si sono procurate da soli.<\/p>\n<p>Tratto da:\u00a0<strong>Terapie esoteriche di Dietmar Kr\u00e4mer.<\/strong><\/p>\n<p style=\"text-align: center;\"><strong>#Agata bruna<\/strong><\/p>\n<p style=\"text-align: center;\"><a href=\"https:\/\/www.stretchingemozionale.it\/wp-content\/uploads\/2021\/01\/Agata-bruna.jpg\"><img decoding=\"async\" class=\"aligncenter size-full wp-image-1636 lazyload\" data-src=\"https:\/\/www.stretchingemozionale.it\/wp-content\/uploads\/2021\/01\/Agata-bruna.jpg\" alt=\"\" width=\"2560\" height=\"1713\" data-srcset=\"https:\/\/www.stretchingemozionale.it\/wp-content\/uploads\/2021\/01\/Agata-bruna.jpg 2560w, https:\/\/www.stretchingemozionale.it\/wp-content\/uploads\/2021\/01\/Agata-bruna-300x201.jpg 300w, https:\/\/www.stretchingemozionale.it\/wp-content\/uploads\/2021\/01\/Agata-bruna-1024x685.jpg 1024w, https:\/\/www.stretchingemozionale.it\/wp-content\/uploads\/2021\/01\/Agata-bruna-768x514.jpg 768w, https:\/\/www.stretchingemozionale.it\/wp-content\/uploads\/2021\/01\/Agata-bruna-1536x1028.jpg 1536w, https:\/\/www.stretchingemozionale.it\/wp-content\/uploads\/2021\/01\/Agata-bruna-2048x1370.jpg 2048w, https:\/\/www.stretchingemozionale.it\/wp-content\/uploads\/2021\/01\/Agata-bruna-696x466.jpg 696w, https:\/\/www.stretchingemozionale.it\/wp-content\/uploads\/2021\/01\/Agata-bruna-1068x715.jpg 1068w, https:\/\/www.stretchingemozionale.it\/wp-content\/uploads\/2021\/01\/Agata-bruna-628x420.jpg 628w, https:\/\/www.stretchingemozionale.it\/wp-content\/uploads\/2021\/01\/Agata-bruna-1920x1285.jpg 1920w\" data-sizes=\"(max-width: 2560px) 100vw, 2560px\" src=\"data:image\/svg+xml;base64,PHN2ZyB3aWR0aD0iMSIgaGVpZ2h0PSIxIiB4bWxucz0iaHR0cDovL3d3dy53My5vcmcvMjAwMC9zdmciPjwvc3ZnPg==\" style=\"--smush-placeholder-width: 2560px; --smush-placeholder-aspect-ratio: 2560\/1713;\" \/><\/a><\/p>\n<p>L&#8217; <strong>#<em>agata<\/em><\/strong> \u00e8 un tipo particolare di calcedonio striato dalle diverse tonalit\u00e0 di colore simili a quelli della terra. Gli esemplari pi\u00f9 frequenti sono di colore marrone chiaro e scuro, grigio, grigio bluastro e rossiccio; le singole strisce possono essere sia di colore simile, che completamente diverse.<br \/>\nL&#8217; <strong>#<em>agata<\/em><\/strong> \u00e8 una pietra nota fin dall&#8217;antichit\u00e0: in Grecia ed a Roma la si usava in forma di amuleto contro l&#8217;epilessia. Nei paesi musulmani, l&#8217;agata polverizzata veniva sciolta nel succo di mele e somministrata per curare i disturbi psichici.<br \/>\nLa Santa Ildegarda di Bingen la consiglia per l&#8217;insonnia e per i morsi e le punture di insetti. Oggi, l&#8217;agata viene impiegata per rafforzare gli organi della riproduzione, per curare i disturbi alla prostata e durante la gravidanza. Si ritiene che essa eserciti un influsso positivo sulle future madri e che faciliti il parto. Altre indicazioni sono problemi agli occhi, lacrimazione, febbre, dolori di testa, debolezza cardiaca, disturbi dell&#8217;equilibrio e problemi cutanei. I terapeuti la considerano la pietra pi\u00f9 importante per ripristinare il giusto rapporto con la terra: Secondo Sharmon\/Baginski, essa mette la nostra anima in relazione con quelle vibrazioni terrene che, davanti alle molteplici esigenze e avversit\u00e0 della vita quotidiana, ci aiutano a mantenere la stabilit\u00e0 e a rimanere fedeli a noi stessi, mostrando coraggio e resistenza.<br \/>\nL&#8217; <em><strong>#agata bruna<\/strong> <\/em>corrisponde al fiore di Bach <strong>#<\/strong><em><strong>Holly<\/strong><\/em> ed \u00e8, pertanto, indicata per quelle persone che tendono ad eccessi di aggressivit\u00e0, collera, odio, invidia, gelosia, malafede e desiderio di vendetta. La pietra levigata \u00e8 adatta per essere tenuta nella tasca dei pantaloni.<\/p>\n<p>Tratto da:\u00a0<strong>Terapie esoteriche di Dietmar Kr\u00e4mer.<\/strong><\/p>\n<p>www.stretchingemozionale.it<\/p>\n<p>#StretchingEmozionale\u00ae\u2026La Danza delle Emozioni come Qualit\u00e0 dell\u2019Anima\u2026<\/p>\n<p>#ilmiostretchingemozionale\u00ae<br \/>\n#lamiaessenza<br \/>\n#MariaDanielaTrentini<br \/>\n#pellegrinadellanima<\/p>\n<p><a class=\"td-modal-image\" href=\"https:\/\/www.stretchingemozionale.it\/wp-content\/uploads\/2016\/12\/Stretching-emozionale-logo8x8.jpg\"><img decoding=\"async\" class=\"aligncenter size-medium wp-image-863 lazyloaded\" src=\"https:\/\/www.stretchingemozionale.it\/wp-content\/uploads\/2016\/12\/Stretching-emozionale-logo8x8-300x300.jpg\" sizes=\"(max-width: 300px) 100vw, 300px\" srcset=\"https:\/\/www.stretchingemozionale.it\/wp-content\/uploads\/2016\/12\/Stretching-emozionale-logo8x8-300x300.jpg 300w, https:\/\/www.stretchingemozionale.it\/wp-content\/uploads\/2016\/12\/Stretching-emozionale-logo8x8-150x150.jpg 150w, https:\/\/www.stretchingemozionale.it\/wp-content\/uploads\/2016\/12\/Stretching-emozionale-logo8x8.jpg 709w\" alt=\"\" width=\"300\" height=\"300\" data-srcset=\"https:\/\/www.stretchingemozionale.it\/wp-content\/uploads\/2016\/12\/Stretching-emozionale-logo8x8-300x300.jpg 300w, https:\/\/www.stretchingemozionale.it\/wp-content\/uploads\/2016\/12\/Stretching-emozionale-logo8x8-150x150.jpg 150w, https:\/\/www.stretchingemozionale.it\/wp-content\/uploads\/2016\/12\/Stretching-emozionale-logo8x8.jpg 709w\" data-src=\"https:\/\/www.stretchingemozionale.it\/wp-content\/uploads\/2016\/12\/Stretching-emozionale-logo8x8-300x300.jpg\" data-sizes=\"(max-width: 300px) 100vw, 300px\" \/><\/a><\/p>\n<p><strong>[\u2026]<\/strong>\u00a0Lo\u00a0<strong>Stretching Emozionale\u00ae<\/strong>\u00a0\u00e8 insegnato personalmente da me, \u00e8 un mio marchio registrato, che affonda le radici nella\u00a0<strong>\u201cMedicina Tradizionale Cinese\u201d<\/strong>, precisamente nello stretching dei meridiani energetici, tramandato dal Maestro Masunaga.<br \/>\nE\u2019 arricchito dai miei approfondimenti in\u00a0<strong>\u201cNuove Terapie Esoteriche\u201d di Dietmar Kr\u00e4mer. E\u2019 costituito da tecniche di stretching semplici, che possono essere provate da tutti, senza distinzioni di et\u00e0 o capacit\u00e0 fisica. Si tratta di una scienza completa che attraverso il movimento, il respiro, i mantra, i mudra e la meditazione produce un benessere fisico, psichico ed emozionale.<\/strong><\/p>\n<p>Lo<strong>\u00a0Stretching Emozionale\u00ae\u00a0<\/strong>\u00e8 una pratica attraverso la quale ci\u00f2 che si attiva immediatamente sono le\u00a0<strong>\u201cemozioni\u201d<\/strong>\u00a0ed in questo meraviglioso stato dell\u2019Essere, per brevissimi momenti, frazioni di secondo, \u00e8 sfiorata l\u2019Estasi.<br \/>\nLo Stretching \u00e8 un elemento che attiva, stimola e muove le forze che alimentano la Vita; va dentro, in profondit\u00e0, fino a contattare le nostre\u00a0<strong>\u201cEnergie Ancestrali\u201d<\/strong>.<br \/>\nDiventa, praticato con costanza e profonda consapevolezza, un riappropriarsi, attraverso il riavvicinamento ai cicli della natura, della centralit\u00e0 di \u201cS\u00e8\u201d\u2026<\/p>\n<p><strong>E\u2019 un valido strumento per valutare autonomamente il proprio stato fisico ed energetico con l\u2019unica avvertenza di rispettare, nell\u2019esecuzione degli esercizi, ognuno il proprio limite, senza mai arrivare ad un limite estremo che pu\u00f2 creare dolore, bruciore o tremore. [\u2026]<\/strong><\/p>\n<p style=\"text-align: center;\"><a href=\"https:\/\/www.stretchingemozionale.it\/wp-content\/uploads\/2019\/06\/accademia-zen-8x8_reg1.jpg\"><img decoding=\"async\" class=\"aligncenter size-full wp-image-1441 lazyload\" data-src=\"https:\/\/www.stretchingemozionale.it\/wp-content\/uploads\/2019\/06\/accademia-zen-8x8_reg1.jpg\" alt=\"\" width=\"227\" height=\"227\" data-srcset=\"https:\/\/www.stretchingemozionale.it\/wp-content\/uploads\/2019\/06\/accademia-zen-8x8_reg1.jpg 227w, https:\/\/www.stretchingemozionale.it\/wp-content\/uploads\/2019\/06\/accademia-zen-8x8_reg1-150x150.jpg 150w\" data-sizes=\"(max-width: 227px) 100vw, 227px\" src=\"data:image\/svg+xml;base64,PHN2ZyB3aWR0aD0iMSIgaGVpZ2h0PSIxIiB4bWxucz0iaHR0cDovL3d3dy53My5vcmcvMjAwMC9zdmciPjwvc3ZnPg==\" style=\"--smush-placeholder-width: 227px; --smush-placeholder-aspect-ratio: 227\/227;\" \/><\/a><\/p>\n<p><strong>Se ti piace, se vuoi provare, t<em>i aspetto in un luogo magico e protetto\u2026<\/em><\/strong><\/p>\n<p>Contattami:<\/p>\n<p><strong>Maria Daniela 349 4598108<\/strong><\/p>\n<p><strong>Naturopata ed Operatrice Shiatsu,<br \/>\ndiplomata presso la Scuola di Naturopatia dell\u2019Istituto Riza di Milano<br \/>\nAutrice di *Stretching Emozionale*<br \/>\n(Casa Editrice OI Books &amp; Guides)<\/strong><\/p>\n<p>Maestra Formatrice in \u201cStretching Emozionale\u00ae\u2026la Danza delle Emozioni come Qualit\u00e0 dell\u2019Anima\u2026\u201d<br \/>\n<strong>Consulente in Floriterapia dei Fiori di Bach secondo le \u201cNuove Terapie Esoteriche\u201d di Dietmar Kr\u00e4mer.<\/strong><br \/>\nOperatrice Reiki II Livello.<\/p>\n<p><strong>Formatrice Sportiva Nazionale AICS di Nordic Walking<\/strong><\/p>\n<p>daniela.trentini@tiscali.it (e-mail)<strong><br \/>\nwww.nordicwalkingtaoverona.it<\/strong><br \/>\n<strong><a href=\"http:\/\/l.facebook.com\/l.php?u=https%3A%2F%2Fwww.stretchingemozionale.it%2F&amp;h=nAQGHstbc&amp;s=1\" target=\"_blank\" rel=\"nofollow noopener noreferrer\">www.stretchingemozionale.it<\/a><\/strong><\/p>\n<p><strong>Daniela Trentini (Skype)<\/strong><br \/>\n<strong>Maria Daniela Trentini (Verona) (Facebook)<br \/>\nStretching Emozionale\u00ae\u201c\u2026La Danza delle Emozioni come Qualit\u00e0 dell\u2019Anima\u2026 (Verona) (Facebook)<br \/>\n*nordic walking tao *\u2026 oltre il nordic walking\u2026verso l\u2019infinito\u2026 (Verona) (Facebook)<\/strong><\/p>\n<p><a class=\"td-modal-image\" href=\"https:\/\/www.stretchingemozionale.it\/wp-content\/uploads\/2017\/04\/accademia-zen-8x8_reg.jpg\"><img decoding=\"async\" class=\"aligncenter size-full wp-image-890 lazyloaded\" src=\"https:\/\/www.stretchingemozionale.it\/wp-content\/uploads\/2017\/04\/accademia-zen-8x8_reg.jpg\" sizes=\"(max-width: 227px) 100vw, 227px\" srcset=\"https:\/\/www.stretchingemozionale.it\/wp-content\/uploads\/2017\/04\/accademia-zen-8x8_reg.jpg 227w, https:\/\/www.stretchingemozionale.it\/wp-content\/uploads\/2017\/04\/accademia-zen-8x8_reg-150x150.jpg 150w\" alt=\"\" width=\"227\" height=\"227\" data-srcset=\"https:\/\/www.stretchingemozionale.it\/wp-content\/uploads\/2017\/04\/accademia-zen-8x8_reg.jpg 227w, https:\/\/www.stretchingemozionale.it\/wp-content\/uploads\/2017\/04\/accademia-zen-8x8_reg-150x150.jpg 150w\" data-src=\"https:\/\/www.stretchingemozionale.it\/wp-content\/uploads\/2017\/04\/accademia-zen-8x8_reg.jpg\" data-sizes=\"(max-width: 227px) 100vw, 227px\" \/><\/a><\/p>\n<p><em>Altre informazioni, notizie ed aggiornamenti li trovi sulla mia guida:<\/em><\/p>\n<p><strong>\u201cSTRETCHING EMOZIONALE\u00ae<\/strong><br \/>\n<strong>\u201c\u2026La Danza delle Emozioni come Qualit\u00e0 dell\u2019Anima\u2026\u201d<\/strong><\/p>\n<div class=\"text_exposed_show\">\n<p><strong>Ritrova l\u2019armonia delle tue funzioni vitali, delle Qualit\u00e0 dell\u2019Anima, e aumenta l\u2019energia di corpo e spirito.<\/strong><\/p>\n<p><strong>Scritto da: Maria Daniela Trentini.<\/strong><\/p>\n<\/div>\n<\/div>\n<\/div>\n<\/div>\n<\/div>\n","protected":false},"excerpt":{"rendered":"<p>\u201cApro il mio cuore all\u2019amore e alla comprensione.\u201d Quando odio, mi privo di qualcosa, quando amo, mi arricchisco a misura di ci\u00f2 che amo. (Friedrich Schiller) Dice Bach:\u00a0[\u2026] Per quelli che a volte sono assaliti da pensieri come la gelosia, l\u2019invidia, la vendetta ed il sospetto. Per le differenti forme di vessazione. Dentro di se [&hellip;]<\/p>\n","protected":false},"author":2,"featured_media":1527,"comment_status":"closed","ping_status":"open","sticky":true,"template":"","format":"standard","meta":{"footnotes":""},"categories":[2,51,1],"tags":[],"class_list":["post-1631","post","type-post","status-publish","format-standard","has-post-thumbnail","hentry","category-eventi","category-featured","category-senza-categoria"],"_links":{"self":[{"href":"https:\/\/www.stretchingemozionale.it\/index.php?rest_route=\/wp\/v2\/posts\/1631","targetHints":{"allow":["GET"]}}],"collection":[{"href":"https:\/\/www.stretchingemozionale.it\/index.php?rest_route=\/wp\/v2\/posts"}],"about":[{"href":"https:\/\/www.stretchingemozionale.it\/index.php?rest_route=\/wp\/v2\/types\/post"}],"author":[{"embeddable":true,"href":"https:\/\/www.stretchingemozionale.it\/index.php?rest_route=\/wp\/v2\/users\/2"}],"replies":[{"embeddable":true,"href":"https:\/\/www.stretchingemozionale.it\/index.php?rest_route=%2Fwp%2Fv2%2Fcomments&post=1631"}],"version-history":[{"count":0,"href":"https:\/\/www.stretchingemozionale.it\/index.php?rest_route=\/wp\/v2\/posts\/1631\/revisions"}],"wp:featuredmedia":[{"embeddable":true,"href":"https:\/\/www.stretchingemozionale.it\/index.php?rest_route=\/wp\/v2\/media\/1527"}],"wp:attachment":[{"href":"https:\/\/www.stretchingemozionale.it\/index.php?rest_route=%2Fwp%2Fv2%2Fmedia&parent=1631"}],"wp:term":[{"taxonomy":"category","embeddable":true,"href":"https:\/\/www.stretchingemozionale.it\/index.php?rest_route=%2Fwp%2Fv2%2Fcategories&post=1631"},{"taxonomy":"post_tag","embeddable":true,"href":"https:\/\/www.stretchingemozionale.it\/index.php?rest_route=%2Fwp%2Fv2%2Ftags&post=1631"}],"curies":[{"name":"wp","href":"https:\/\/api.w.org\/{rel}","templated":true}]}}